{"id":14,"date":"2021-06-07T16:50:22","date_gmt":"2021-06-07T14:50:22","guid":{"rendered":"https:\/\/docs.openflex.cloud\/fr\/?p=14"},"modified":"2021-07-19T11:57:09","modified_gmt":"2021-07-19T09:57:09","slug":"creation-type-conge","status":"publish","type":"post","link":"https:\/\/docs.openflex.cloud\/fr\/creation-type-conge\/","title":{"rendered":"Cr\u00e9ation d\u2019un type de cong\u00e9 dans le logiciel Openflex [tuto vid\u00e9o]"},"content":{"rendered":"\n<p>Bonjour \u00e0 tous, je vais vous guider \u00e9tape par \u00e9tape dans la cr\u00e9ation d\u2019un type de cong\u00e9 dans le logiciel Openflex.<\/p>\n\n\n\n<!--more-->\n\n\n\n<p> Je tiens quand m\u00eame \u00e0 pr\u00e9ciser que cette action se fera dans <a href=\"https:\/\/openflex.cloud\/fr\/produit\/rh-paies\/\" target=\"_blank\" rel=\"noopener\">le module RH &amp; Paies<\/a>, le module qui informatise la gestion de vos ressources humaines et des <a href=\"https:\/\/docs.openflex.cloud\/fr\/edition-bulletin-paie\/\" data-type=\"URL\" data-id=\"https:\/\/docs.openflex.cloud\/fr\/edition-bulletin-paie\/\">fiches de paie<\/a> de vos salari\u00e9s.<\/p>\n\n\n\n<h2 class=\"wp-block-heading\">Les \u00e9tapes pour commencer la cr\u00e9ation d\u2019un type de cong\u00e9 dans Openflex<\/h2>\n\n\n\n<p>Pour commencer, entrez dans la rubrique \u00ab&nbsp;<strong>accueil<\/strong>&nbsp;\u00bb qui se trouve tout en haut \u00e0 gauche de votre \u00e9cran. Apr\u00e8s cela, cliquez sur le menu \u00ab&nbsp;<strong>configuration<\/strong>&nbsp;\u00bb que vous trouverez dans la liste de gauche.<\/p>\n\n\n\n<div class=\"wp-block-image\"><figure class=\"aligncenter size-large is-resized\"><img loading=\"lazy\" decoding=\"async\" src=\"https:\/\/docs.openflex.cloud\/fr\/wp-content\/uploads\/2021\/06\/1creation-type-conge-accueil.jpg\" alt=\"cr\u00e9ation d\u2019un type de cong\u00e9 accueil\" class=\"wp-image-21\" width=\"824\" height=\"457\" srcset=\"https:\/\/docs.openflex.cloud\/fr\/wp-content\/uploads\/2021\/06\/1creation-type-conge-accueil.jpg 640w, https:\/\/docs.openflex.cloud\/fr\/wp-content\/uploads\/2021\/06\/1creation-type-conge-accueil-300x166.jpg 300w\" sizes=\"auto, (max-width: 824px) 100vw, 824px\" \/><figcaption>Pour commencer, entrez dans \u00ab&nbsp;accueil&nbsp;\u00bb<\/figcaption><\/figure><\/div>\n\n\n\n<p>Une fois dedans, entrez dans \u00ab&nbsp;<strong>dictionnaire<\/strong>&nbsp;\u00bb et enfin cliquez sur \u00ab&nbsp;<strong>type de cong\u00e9<\/strong>&nbsp;\u00bb, l\u00e9g\u00e8rement en contre bas de la liste qui appara\u00eet. Il ne vous reste plus maintenant qu\u2019\u00e0 remplir la fiche qui appara\u00eet.<\/p>\n\n\n\n<div class=\"wp-block-image\"><figure class=\"aligncenter size-large is-resized\"><img loading=\"lazy\" decoding=\"async\" src=\"https:\/\/docs.openflex.cloud\/fr\/wp-content\/uploads\/2021\/06\/9creation-type-conge-.jpg\" alt=\"cr\u00e9ation d\u2019un type de cong\u00e9 dictionnaire\" class=\"wp-image-20\" width=\"834\" height=\"470\" srcset=\"https:\/\/docs.openflex.cloud\/fr\/wp-content\/uploads\/2021\/06\/9creation-type-conge-.jpg 640w, https:\/\/docs.openflex.cloud\/fr\/wp-content\/uploads\/2021\/06\/9creation-type-conge--300x169.jpg 300w\" sizes=\"auto, (max-width: 834px) 100vw, 834px\" \/><figcaption>Maintenant, entrez dans l\u2019onglet \u00ab&nbsp;dictionnaire&nbsp;\u00bb<\/figcaption><\/figure><\/div>\n\n\n\n<h2 class=\"wp-block-heading\">Le remplissage de la fiche de la cr\u00e9ation d\u2019un type de cong\u00e9<\/h2>\n\n\n\n<p>Maintenant, vous allez compl\u00e9ter quelques informations.<\/p>\n\n\n\n<p>Sur \u00ab&nbsp;<strong>code<\/strong>&nbsp;\u00bb, saisissez la r\u00e9f\u00e9rence de votre choix, mais visez bien \u00e0 ce qu\u2019il soit diff\u00e9rent de celles qui existent d\u00e9j\u00e0. Le libell\u00e9 est le nom qui va appara\u00eetre lors de la s\u00e9lection d\u2019un type de cong\u00e9.<\/p>\n\n\n\n<div class=\"wp-block-image\"><figure class=\"aligncenter size-large is-resized\"><img loading=\"lazy\" decoding=\"async\" src=\"https:\/\/docs.openflex.cloud\/fr\/wp-content\/uploads\/2021\/06\/5creation-type-conge-code_jpg2.jpg\" alt=\"remplissage de la fiche code \" class=\"wp-image-17\" width=\"827\" height=\"458\"\/><figcaption>Sur \u00ab&nbsp;code&nbsp;\u00bb, saisissez une r\u00e9f\u00e9rence de votre choix<\/figcaption><\/figure><\/div>\n\n\n\n<p>Sur \u00ab&nbsp;<strong>affect<\/strong>&nbsp;\u00bb, saisissez \u00ab&nbsp;<strong>1<\/strong>&nbsp;\u00bb si le type de cong\u00e9 est suivi par un compteur, ou \u00ab&nbsp;<strong>0<\/strong>&nbsp;\u00bb si ce n\u2019est pas le cas. Puis dans \u00ab&nbsp;<strong>delay<\/strong>&nbsp;\u00bb, vous informez le nombre de pr\u00e9avis minimum pour ce type de cong\u00e9.<\/p>\n\n\n\n<div class=\"wp-block-image\"><figure class=\"aligncenter size-large is-resized\"><img loading=\"lazy\" decoding=\"async\" src=\"https:\/\/docs.openflex.cloud\/fr\/wp-content\/uploads\/2021\/06\/7creation-type-conge-code.jpg\" alt=\"remplissage de la fiche Affect\" class=\"wp-image-18\" width=\"836\" height=\"470\" srcset=\"https:\/\/docs.openflex.cloud\/fr\/wp-content\/uploads\/2021\/06\/7creation-type-conge-code.jpg 640w, https:\/\/docs.openflex.cloud\/fr\/wp-content\/uploads\/2021\/06\/7creation-type-conge-code-300x169.jpg 300w\" sizes=\"auto, (max-width: 836px) 100vw, 836px\" \/><figcaption>Si le type de cong\u00e9 est suivi par un compteur, saisissez \u00ab&nbsp;1&nbsp;\u00bb, sinon, mettez \u00ab&nbsp;0&nbsp;\u00bb<\/figcaption><\/figure><\/div>\n\n\n\n<p>Dans \u00ab&nbsp;<strong>newbymonth<\/strong>&nbsp;\u00bb, vous devez s\u00e9lectionner le nombre de jours \u00e0 ajouter au compteur des utilisateurs automatiquement chaque mois. Ensuite, s\u00e9lectionnez le pays o\u00f9 attribuer ce type de cong\u00e9 et cliquez sur \u00ab&nbsp;<strong>ajouter<\/strong>&nbsp;\u00bb pour terminer.<\/p>\n\n\n\n<div class=\"wp-block-image\"><figure class=\"aligncenter size-large is-resized\"><img loading=\"lazy\" decoding=\"async\" src=\"https:\/\/docs.openflex.cloud\/fr\/wp-content\/uploads\/2021\/06\/9creation-type-conge-code.jpg\" alt=\"remplissage de la fiche newbymonth\" class=\"wp-image-19\" width=\"843\" height=\"471\" srcset=\"https:\/\/docs.openflex.cloud\/fr\/wp-content\/uploads\/2021\/06\/9creation-type-conge-code.jpg 640w, https:\/\/docs.openflex.cloud\/fr\/wp-content\/uploads\/2021\/06\/9creation-type-conge-code-300x168.jpg 300w\" sizes=\"auto, (max-width: 843px) 100vw, 843px\" \/><figcaption>Sur \u00ab&nbsp;newbymonth&nbsp;\u00bb, s\u00e9lectionnez le nombre de jours \u00e0 ajouter au compteur des utilisateurs automatiquement chaque mois<\/figcaption><\/figure><\/div>\n\n\n\n<p>Et voil\u00e0 comment proc\u00e9der \u00e0 la cr\u00e9ation d\u2019un type de cong\u00e9 dans Openflex\u00a0! Il ne reste plus qu\u2019\u00e0 l\u2019appliquer\u00a0:). Moi, je vous retrouve tr\u00e8s bient\u00f4t pour d\u2019autres tutos Openflex\u00a0: <a href=\"https:\/\/docs.openflex.cloud\/fr\/tag\/module-point-vente\" data-type=\"URL\" data-id=\"https:\/\/docs.openflex.cloud\/fr\/tag\/module-point-vente\">caisses<\/a>, <a href=\"https:\/\/docs.openflex.cloud\/fr\/tag\/module-crm\" data-type=\"URL\" data-id=\"https:\/\/docs.openflex.cloud\/fr\/tag\/module-crm\">facturation<\/a>, <a href=\"https:\/\/docs.openflex.cloud\/fr\/tag\/module-achat-stock\/\" data-type=\"URL\" data-id=\"https:\/\/docs.openflex.cloud\/fr\/tag\/module-achat-stock\/\">gestion de stock<\/a> et bien d\u2019autres encore\u00a0!<\/p>\n","protected":false},"excerpt":{"rendered":"<p>Bonjour \u00e0 tous, je vais vous guider \u00e9tape par \u00e9tape dans la cr\u00e9ation d\u2019un type de cong\u00e9 dans le logiciel Openflex.<\/p>\n","protected":false},"author":5,"featured_media":940,"comment_status":"open","ping_status":"open","sticky":false,"template":"","format":"standard","meta":{"footnotes":""},"categories":[6],"tags":[20,3],"class_list":["post-14","post","type-post","status-publish","format-standard","has-post-thumbnail","hentry","category-utilisation","tag-module-grh","tag-video"],"_links":{"self":[{"href":"https:\/\/docs.openflex.cloud\/fr\/wp-json\/wp\/v2\/posts\/14","targetHints":{"allow":["GET"]}}],"collection":[{"href":"https:\/\/docs.openflex.cloud\/fr\/wp-json\/wp\/v2\/posts"}],"about":[{"href":"https:\/\/docs.openflex.cloud\/fr\/wp-json\/wp\/v2\/types\/post"}],"author":[{"embeddable":true,"href":"https:\/\/docs.openflex.cloud\/fr\/wp-json\/wp\/v2\/users\/5"}],"replies":[{"embeddable":true,"href":"https:\/\/docs.openflex.cloud\/fr\/wp-json\/wp\/v2\/comments?post=14"}],"version-history":[{"count":5,"href":"https:\/\/docs.openflex.cloud\/fr\/wp-json\/wp\/v2\/posts\/14\/revisions"}],"predecessor-version":[{"id":2067,"href":"https:\/\/docs.openflex.cloud\/fr\/wp-json\/wp\/v2\/posts\/14\/revisions\/2067"}],"wp:featuredmedia":[{"embeddable":true,"href":"https:\/\/docs.openflex.cloud\/fr\/wp-json\/wp\/v2\/media\/940"}],"wp:attachment":[{"href":"https:\/\/docs.openflex.cloud\/fr\/wp-json\/wp\/v2\/media?parent=14"}],"wp:term":[{"taxonomy":"category","embeddable":true,"href":"https:\/\/docs.openflex.cloud\/fr\/wp-json\/wp\/v2\/categories?post=14"},{"taxonomy":"post_tag","embeddable":true,"href":"https:\/\/docs.openflex.cloud\/fr\/wp-json\/wp\/v2\/tags?post=14"}],"curies":[{"name":"wp","href":"https:\/\/api.w.org\/{rel}","templated":true}]}}