{"id":196,"date":"2021-06-10T08:39:58","date_gmt":"2021-06-10T06:39:58","guid":{"rendered":"https:\/\/docs.openflex.cloud\/fr\/?p=196"},"modified":"2021-07-19T08:30:38","modified_gmt":"2021-07-19T06:30:38","slug":"declaration-tva","status":"publish","type":"post","link":"https:\/\/docs.openflex.cloud\/fr\/declaration-tva\/","title":{"rendered":"D\u00e9claration de TVA sur le logiciel Openflex [Tuto vid\u00e9o]"},"content":{"rendered":"\n<p>Bonjour \u00e0 tous. Saviez-vous que le module Openflex vous offre la possibilit\u00e9 de proc\u00e9der \u00e0 la d\u00e9claration de votre TVA&nbsp;?<\/p>\n\n\n\n<!--more-->\n\n\n\n<p>Cela est possible gr\u00e2ce \u00e0 son <a href=\"https:\/\/openflex.cloud\/fr\/produit\/compta-finance\/\" target=\"_blank\" rel=\"noopener\">module Compta &amp; Finance<\/a> et nous allons vous montrer dans ce tuto vid\u00e9o comment faire. Mais avant d\u2019entrer dans le vif du sujet, voici un bref rappel de ce qu\u2019est le module Compta &amp; Finance d\u2019Openflex.<\/p>\n\n\n\n<h2 class=\"wp-block-heading\">Le module Compta &amp; Finance du logiciel Openflex<\/h2>\n\n\n\n<p>Si vous avez du mal \u00e0 g\u00e9rer comme il faut votre comptabilit\u00e9, le module Compta &amp; Finance du logiciel Openflex vous facilitera totalement la vie. Ce module permet de g\u00e9rer tout ce qui touche \u00e0 la <a href=\"https:\/\/docs.openflex.cloud\/fr\/tag\/module-compta-finance\" data-type=\"URL\" data-id=\"https:\/\/docs.openflex.cloud\/fr\/tag\/module-compta-finance\">comptabilit\u00e9<\/a> dans votre entreprise, depuis le Grand Livre en passant par la gestion de vos <a href=\"https:\/\/docs.openflex.cloud\/fr\/tag\/module-point-vente\" data-type=\"URL\" data-id=\"https:\/\/docs.openflex.cloud\/fr\/tag\/module-point-vente\">caisses<\/a> et de vos <a href=\"https:\/\/docs.openflex.cloud\/fr\/tag\/module-crm\" data-type=\"URL\" data-id=\"https:\/\/docs.openflex.cloud\/fr\/tag\/module-crm\">factures<\/a>, jusqu\u2019\u00e0 l\u2019\u00e9dition de vos \u00e9tats financiers, sans oublier bien s\u00fbr votre TVA.<\/p>\n\n\n\n<p>Il permet entre autres de tenir la comptabilit\u00e9 de votre entreprise tout en restant conforme aux obligations l\u00e9gales de votre pays.<\/p>\n\n\n\n<h2 class=\"wp-block-heading\">La d\u00e9claration de TVA dans Openflex<\/h2>\n\n\n\n<p>Pour proc\u00e9der \u00e0 la d\u00e9claration de votre TVA, commencez par aller dans la rubrique \u00ab&nbsp;<strong>compta\/tr\u00e9so<\/strong>&nbsp;\u00bb, puis entrez dans le menu \u00ab&nbsp;<strong>d\u00e9claration TVA<\/strong>&nbsp;\u00bb. L\u00e0, vous pourrez filtrer les enregistrements par p\u00e9riode en saisissant la p\u00e9riode sur les champs correspondants, puis en cliquant sur \u00ab&nbsp;<strong>rechercher<\/strong>&nbsp;\u00bb.<\/p>\n\n\n\n<div class=\"wp-block-image\"><figure class=\"aligncenter size-large is-resized\"><img loading=\"lazy\" decoding=\"async\" src=\"https:\/\/docs.openflex.cloud\/fr\/wp-content\/uploads\/2021\/06\/1declaration-tva-compta-treso.jpg\" alt=\"D\u00e9claration de TVA-compta\/tr\u00e9so\n\" class=\"wp-image-197\" width=\"825\" height=\"455\"\/><figcaption>Entrez dans la rubrique \u00ab&nbsp;compta\/tr\u00e9so&nbsp;\u00bb<\/figcaption><\/figure><\/div>\n\n\n\n<p>Apr\u00e8s avoir d\u00e9cocher les lignes qui ne sont pas \u00e0 d\u00e9clarer, cliquez sur le bouton \u00ab&nbsp;<strong>d\u00e9clarer<\/strong>&nbsp;\u00bb. \u00c0 noter que les lignes qui ne sont pas d\u00e9clar\u00e9es seront report\u00e9s au mois prochain.<\/p>\n\n\n\n<div class=\"wp-block-image\"><figure class=\"aligncenter size-large is-resized\"><img loading=\"lazy\" decoding=\"async\" src=\"https:\/\/docs.openflex.cloud\/fr\/wp-content\/uploads\/2021\/06\/5declaration-tva-decocher.jpg\" alt=\"D\u00e9claration de TVA-listes TVA non encore d\u00e9clar\u00e9s\n\" class=\"wp-image-198\" width=\"838\" height=\"467\" srcset=\"https:\/\/docs.openflex.cloud\/fr\/wp-content\/uploads\/2021\/06\/5declaration-tva-decocher.jpg 640w, https:\/\/docs.openflex.cloud\/fr\/wp-content\/uploads\/2021\/06\/5declaration-tva-decocher-300x168.jpg 300w\" sizes=\"auto, (max-width: 838px) 100vw, 838px\" \/><figcaption>D\u00e9cochez les lignes qui ne sont pas \u00e0 d\u00e9clarer<\/figcaption><\/figure><\/div>\n\n\n\n<p>Une fois tout cela fait, cliquez sur le bouton \u00ab&nbsp;<strong>exporter<\/strong>&nbsp;\u00bb pour exporter votre d\u00e9claration TVA.<\/p>\n\n\n\n<div class=\"wp-block-image\"><figure class=\"aligncenter size-large is-resized\"><img loading=\"lazy\" decoding=\"async\" src=\"https:\/\/docs.openflex.cloud\/fr\/wp-content\/uploads\/2021\/06\/7declaration-tva-exporter.jpg\" alt=\"D\u00e9claration de TVA-exporter\n\" class=\"wp-image-199\" width=\"846\" height=\"472\" srcset=\"https:\/\/docs.openflex.cloud\/fr\/wp-content\/uploads\/2021\/06\/7declaration-tva-exporter.jpg 640w, https:\/\/docs.openflex.cloud\/fr\/wp-content\/uploads\/2021\/06\/7declaration-tva-exporter-300x167.jpg 300w\" sizes=\"auto, (max-width: 846px) 100vw, 846px\" \/><figcaption>Cliquez sur \u00ab&nbsp;exporter&nbsp;\u00bb pour exporter votre d\u00e9claration TVA<\/figcaption><\/figure><\/div>\n\n\n\n<p>Et voil\u00e0&nbsp;:). C\u2019est tout pour la d\u00e9claration de TVA dans Openflex. Rendez-vous tr\u00e8s bient\u00f4t pour de nouveaux tutos&nbsp;!<\/p>\n\n\n\n<p>D\u00e9couvrez aussi la <a href=\"https:\/\/docs.openflex.cloud\/fr\/attribution-compte-comptable\/\" data-type=\"URL\" data-id=\"https:\/\/docs.openflex.cloud\/fr\/attribution-compte-comptable\/\">configuration du module Comptabilit\u00e9 dans Openflex.<\/a><\/p>\n","protected":false},"excerpt":{"rendered":"<p>Bonjour \u00e0 tous. Saviez-vous que le module Openflex vous offre la possibilit\u00e9 de proc\u00e9der \u00e0 la d\u00e9claration de votre TVA&nbsp;?<\/p>\n","protected":false},"author":5,"featured_media":940,"comment_status":"open","ping_status":"open","sticky":false,"template":"","format":"standard","meta":{"footnotes":""},"categories":[6],"tags":[21,3],"class_list":["post-196","post","type-post","status-publish","format-standard","has-post-thumbnail","hentry","category-utilisation","tag-module-compta-finance","tag-video"],"_links":{"self":[{"href":"https:\/\/docs.openflex.cloud\/fr\/wp-json\/wp\/v2\/posts\/196","targetHints":{"allow":["GET"]}}],"collection":[{"href":"https:\/\/docs.openflex.cloud\/fr\/wp-json\/wp\/v2\/posts"}],"about":[{"href":"https:\/\/docs.openflex.cloud\/fr\/wp-json\/wp\/v2\/types\/post"}],"author":[{"embeddable":true,"href":"https:\/\/docs.openflex.cloud\/fr\/wp-json\/wp\/v2\/users\/5"}],"replies":[{"embeddable":true,"href":"https:\/\/docs.openflex.cloud\/fr\/wp-json\/wp\/v2\/comments?post=196"}],"version-history":[{"count":5,"href":"https:\/\/docs.openflex.cloud\/fr\/wp-json\/wp\/v2\/posts\/196\/revisions"}],"predecessor-version":[{"id":2009,"href":"https:\/\/docs.openflex.cloud\/fr\/wp-json\/wp\/v2\/posts\/196\/revisions\/2009"}],"wp:featuredmedia":[{"embeddable":true,"href":"https:\/\/docs.openflex.cloud\/fr\/wp-json\/wp\/v2\/media\/940"}],"wp:attachment":[{"href":"https:\/\/docs.openflex.cloud\/fr\/wp-json\/wp\/v2\/media?parent=196"}],"wp:term":[{"taxonomy":"category","embeddable":true,"href":"https:\/\/docs.openflex.cloud\/fr\/wp-json\/wp\/v2\/categories?post=196"},{"taxonomy":"post_tag","embeddable":true,"href":"https:\/\/docs.openflex.cloud\/fr\/wp-json\/wp\/v2\/tags?post=196"}],"curies":[{"name":"wp","href":"https:\/\/api.w.org\/{rel}","templated":true}]}}