{"id":255,"date":"2021-06-10T11:24:51","date_gmt":"2021-06-10T09:24:51","guid":{"rendered":"https:\/\/docs.openflex.cloud\/fr\/?p=255"},"modified":"2021-07-19T12:10:15","modified_gmt":"2021-07-19T10:10:15","slug":"creation-contact","status":"publish","type":"post","link":"https:\/\/docs.openflex.cloud\/fr\/creation-contact\/","title":{"rendered":"Cr\u00e9ation de contact dans la rubrique tiers dans Openflex [Tuto vid\u00e9o]"},"content":{"rendered":"\n<p>Bonjour \u00e0 tous. Saviez-vous que dans votre logiciel Openflex, vous pouviez proc\u00e9der \u00e0 la cr\u00e9ation de contact dans la rubrique \u00ab&nbsp;tiers&nbsp;\u00bb du logiciel&nbsp;?<\/p>\n\n\n\n<!--more-->\n\n\n\n<p>Nous allons vous montrer toutes les \u00e9tapes \u00e0 suivre dans ce tout nouveau tutoriel vid\u00e9o Openflex. Mais avant d\u2019entrer dans le vif du sujet, revoyons d\u2019abord ensemble ce que c\u2019est que le logiciel Openflex.<\/p>\n\n\n\n<h2 class=\"wp-block-heading\">Openflex&nbsp;: le logiciel sur cloud sans abonnement<\/h2>\n\n\n\n<p>Si vous g\u00e9rez une entreprise, un projet ou une association, Openflex va faciliter votre gestion gr\u00e2ce \u00e0 ses diff\u00e9rents <a href=\"https:\/\/openflex.cloud\/fr\/modules\/\" target=\"_blank\" rel=\"noopener\">modules<\/a>. Ce logiciel ERP sans abonnement et h\u00e9berg\u00e9 par le cloud fournit en effet toute une ribambelle d\u2019outils pour la <a href=\"https:\/\/docs.openflex.cloud\/fr\/tag\/module-point-vente\" data-type=\"URL\" data-id=\"https:\/\/docs.openflex.cloud\/fr\/tag\/module-point-vente\">caisse<\/a>, les <a href=\"https:\/\/docs.openflex.cloud\/fr\/tag\/module-crm\" data-type=\"URL\" data-id=\"https:\/\/docs.openflex.cloud\/fr\/tag\/module-crm\">factures<\/a>, le <a href=\"https:\/\/docs.openflex.cloud\/fr\/tag\/module-achat-stock\/\" data-type=\"URL\" data-id=\"https:\/\/docs.openflex.cloud\/fr\/tag\/module-achat-stock\/\">stock<\/a> ou encore les <a href=\"https:\/\/docs.openflex.cloud\/fr\/tag\/module-grh\" data-type=\"URL\" data-id=\"https:\/\/docs.openflex.cloud\/fr\/tag\/module-grh\">fiches de paie<\/a>.<\/p>\n\n\n\n<p>Mais ce n\u2019est pas tout&nbsp;: les d\u00e9veloppeurs du logiciel peuvent m\u00eame cr\u00e9er un module sur mesure adapt\u00e9 \u00e0 vos attentes et \u00e0 vos besoins. Et si jamais vous avez une question ou besoin d\u2019assistance, vous profiterez d\u2019un service client disponible 24h\/24 et 7j\/7.<a href=\"https:\/\/openflex.cloud\/fr\/\" target=\"_blank\" rel=\"noopener\">Pour plus d\u2019informations, rendez-vous sur la page Openflex<\/a><\/p>\n\n\n\n<h2 class=\"wp-block-heading\">La cr\u00e9ation de contact dans la rubrique tiers de Openflex<\/h2>\n\n\n\n<p>Entrez en premier lieu dans la rubrique \u00ab&nbsp;<strong>tiers<\/strong>&nbsp;\u00bb puis s\u00e9lectionnez l\u2019onglet \u00ab&nbsp;<strong>contacts\/adresses<\/strong>&nbsp;\u00bb et choisissez \u00ab&nbsp;<strong>nouveau contact\/adresse<\/strong>&nbsp;\u00bb. Une fiche \u00e0 compl\u00e9ter appara\u00eetra alors.<\/p>\n\n\n\n<div class=\"wp-block-image\"><figure class=\"aligncenter size-large is-resized\"><img decoding=\"async\" src=\"https:\/\/docs.openflex.cloud\/fr\/wp-content\/uploads\/2021\/06\/1rubrique-tiers-640x357-1.jpg\" alt=\" cr\u00e9ation de contact tiers-tiers openflex\" class=\"wp-image-256\" width=\"741\" srcset=\"https:\/\/docs.openflex.cloud\/fr\/wp-content\/uploads\/2021\/06\/1rubrique-tiers-640x357-1.jpg 640w, https:\/\/docs.openflex.cloud\/fr\/wp-content\/uploads\/2021\/06\/1rubrique-tiers-640x357-1-300x167.jpg 300w\" sizes=\"(max-width: 640px) 100vw, 640px\" \/><figcaption>Allez dans la rubrique \u00ab&nbsp;tiers&nbsp;\u00bb<\/figcaption><\/figure><\/div>\n\n\n\n<p>Renseignez maintenant le nom du contact sur le champ \u00ab&nbsp;<strong>nom\/libell\u00e9<\/strong>&nbsp;\u00bb (\u00e0 noter que les champs en gras sont obligatoires). Cela fait, vous pouvez renseigner les autres informations comme son pr\u00e9nom, le tiers auquel il est rattach\u00e9, sa fonction, son adresse, son t\u00e9l\u00e9phone et son e-mail. Si vous n\u2019avez plus aucune information \u00e0 renseigner, cliquez sur \u00ab&nbsp;<strong>ajouter<\/strong>&nbsp;\u00bb.<\/p>\n\n\n\n<div class=\"wp-block-image\"><figure class=\"aligncenter size-large is-resized\"><img decoding=\"async\" src=\"https:\/\/docs.openflex.cloud\/fr\/wp-content\/uploads\/2021\/06\/4nom-contact-640x360-1.jpg\" alt=\"cr\u00e9ation de contact tiers-nom\/libell\u00e9 openflex\" class=\"wp-image-257\" width=\"741\" srcset=\"https:\/\/docs.openflex.cloud\/fr\/wp-content\/uploads\/2021\/06\/4nom-contact-640x360-1.jpg 640w, https:\/\/docs.openflex.cloud\/fr\/wp-content\/uploads\/2021\/06\/4nom-contact-640x360-1-300x169.jpg 300w\" sizes=\"(max-width: 640px) 100vw, 640px\" \/><figcaption>Ins\u00e9rez le nom du contact dans le champ \u00ab&nbsp;nom\/libell\u00e9&nbsp;\u00bb<\/figcaption><\/figure><\/div>\n\n\n\n<p>Et c\u2019est tout pour la cr\u00e9ation de contact dans la rubrique tiers dans Openflex. Merci de l\u2019avoir suivi jusqu\u2019\u00e0 la fin et je vous dis \u00e0 bient\u00f4t pour de <a href=\"https:\/\/docs.openflex.cloud\/fr\/categorie\/utilisation\/\" data-type=\"URL\" data-id=\"https:\/\/docs.openflex.cloud\/fr\/categorie\/utilisation\/\">nouveaux tutos Openflex<\/a>\u00a0!<\/p>\n","protected":false},"excerpt":{"rendered":"<p>Bonjour \u00e0 tous. Saviez-vous que dans votre logiciel Openflex, vous pouviez proc\u00e9der \u00e0 la cr\u00e9ation de contact dans la rubrique \u00ab&nbsp;tiers&nbsp;\u00bb du logiciel&nbsp;?<\/p>\n","protected":false},"author":5,"featured_media":940,"comment_status":"open","ping_status":"open","sticky":false,"template":"","format":"standard","meta":{"footnotes":""},"categories":[6],"tags":[4,5,3],"class_list":["post-255","post","type-post","status-publish","format-standard","has-post-thumbnail","hentry","category-utilisation","tag-module-achat-stock","tag-module-crm","tag-video"],"_links":{"self":[{"href":"https:\/\/docs.openflex.cloud\/fr\/wp-json\/wp\/v2\/posts\/255","targetHints":{"allow":["GET"]}}],"collection":[{"href":"https:\/\/docs.openflex.cloud\/fr\/wp-json\/wp\/v2\/posts"}],"about":[{"href":"https:\/\/docs.openflex.cloud\/fr\/wp-json\/wp\/v2\/types\/post"}],"author":[{"embeddable":true,"href":"https:\/\/docs.openflex.cloud\/fr\/wp-json\/wp\/v2\/users\/5"}],"replies":[{"embeddable":true,"href":"https:\/\/docs.openflex.cloud\/fr\/wp-json\/wp\/v2\/comments?post=255"}],"version-history":[{"count":8,"href":"https:\/\/docs.openflex.cloud\/fr\/wp-json\/wp\/v2\/posts\/255\/revisions"}],"predecessor-version":[{"id":2071,"href":"https:\/\/docs.openflex.cloud\/fr\/wp-json\/wp\/v2\/posts\/255\/revisions\/2071"}],"wp:featuredmedia":[{"embeddable":true,"href":"https:\/\/docs.openflex.cloud\/fr\/wp-json\/wp\/v2\/media\/940"}],"wp:attachment":[{"href":"https:\/\/docs.openflex.cloud\/fr\/wp-json\/wp\/v2\/media?parent=255"}],"wp:term":[{"taxonomy":"category","embeddable":true,"href":"https:\/\/docs.openflex.cloud\/fr\/wp-json\/wp\/v2\/categories?post=255"},{"taxonomy":"post_tag","embeddable":true,"href":"https:\/\/docs.openflex.cloud\/fr\/wp-json\/wp\/v2\/tags?post=255"}],"curies":[{"name":"wp","href":"https:\/\/api.w.org\/{rel}","templated":true}]}}