{"id":325,"date":"2021-06-23T11:04:27","date_gmt":"2021-06-23T09:04:27","guid":{"rendered":"https:\/\/docs.openflex.cloud\/fr\/?p=325"},"modified":"2021-07-19T10:06:40","modified_gmt":"2021-07-19T08:06:40","slug":"ajout-nouvel-entretien","status":"publish","type":"post","link":"https:\/\/docs.openflex.cloud\/fr\/ajout-nouvel-entretien\/","title":{"rendered":"Ajout d\u2019un nouvel entretien dans le module CVth\u00e8que de Openflex [Tuto vid\u00e9o]"},"content":{"rendered":"\n<p>Apr\u00e8s les pr\u00e9c\u00e9dents tutos vous montrant <a href=\"https:\/\/docs.openflex.cloud\/fr\/configuration-cvtheque\/\" data-type=\"URL\" data-id=\"https:\/\/docs.openflex.cloud\/fr\/configuration-cvtheque\/\">la configuration du module CVth\u00e8que<\/a> et la <a href=\"https:\/\/docs.openflex.cloud\/fr\/creation-nouveaux-candidats\/\" data-type=\"URL\" data-id=\"https:\/\/docs.openflex.cloud\/fr\/creation-nouveaux-candidats\/\">cr\u00e9ation de nouveaux candidats<\/a>, nous voir l\u2019ajout d\u2019un nouvel entretien dans le logiciel Openflex.<\/p>\n\n\n\n<!--more-->\n\n\n\n<p>Cette option du module CVth\u00e8que, l\u2019ajout d\u2019un nouvel entretien est l&rsquo;objet de ce pr\u00e9sent tuto vid\u00e9o. Mais avant de s\u2019attaquer au vif du sujet, rappelons tout d\u2019abord ce que c\u2019est que le module CVth\u00e8que dans Openflex.<\/p>\n\n\n\n<h2 class=\"wp-block-heading\">Le module CVth\u00e8que du logiciel Openflex<\/h2>\n\n\n\n<p>Le module CVth\u00e8que est un module qui a pour r\u00f4le principal de faciliter la gestion des CVs ou des documents de vos candidats ou de vos prestataires.<\/p>\n\n\n\n<p>Il permet le <a href=\"https:\/\/docs.openflex.cloud\/fr\/tag\/module-achat-stock\/\" data-type=\"URL\" data-id=\"https:\/\/docs.openflex.cloud\/fr\/tag\/module-achat-stock\/\">stoc<\/a><a href=\"https:\/\/stileex.xyz\/logiciel-gestion-stock\/\" target=\"_blank\" rel=\"noreferrer noopener\">k<\/a><a href=\"https:\/\/stileex.xyz\/logiciel-gestion-stock\/\" target=\"_blank\" rel=\"noopener\">age<\/a> et la sauvegarde de donn\u00e9es et des documents, sans parler de la num\u00e9risation de tout le processus de recrutement. Adieu les paperasses et le d\u00e9sordre, et bonjour efficacit\u00e9 avec le <a href=\"https:\/\/openflex.cloud\/fr\/produit\/cvtheque\/\" data-type=\"URL\" data-id=\"https:\/\/openflex.cloud\/fr\/produit\/cvtheque\/\" target=\"_blank\" rel=\"noopener\">module CVth\u00e8que<\/a> de Openflex.<\/p>\n\n\n\n<h2 class=\"wp-block-heading\">L\u2019ajout d\u2019un nouvel entretien dans le module CVth\u00e8que de Openflex<\/h2>\n\n\n\n<p>Pour ajouter un nouvel entretien dans le logiciel Openflex, allez d\u2019abord dans la rubrique \u00ab&nbsp;<strong>cvth\u00e8que<\/strong>&nbsp;\u00bb tout en haut de votre \u00e9cran. \u00c0 gauche de l\u2019\u00e9cran, il y aura un menu \u00ab&nbsp;<strong>entretien<\/strong>&nbsp;\u00bb. Cliquez dessus. Choisissez maintenant \u00ab&nbsp;<strong>nouvel entretien<\/strong>&nbsp;\u00bb.<\/p>\n\n\n\n<div class=\"wp-block-image\"><figure class=\"aligncenter size-large is-resized\"><img loading=\"lazy\" decoding=\"async\" src=\"https:\/\/docs.openflex.cloud\/fr\/wp-content\/uploads\/2021\/06\/1ajout-nouvel-entretien-module-cvtheque.jpg\" alt=\"Ajout d\u2019un nouvel entretien-cvth\u00e8que openflex\" class=\"wp-image-326\" width=\"681\" height=\"384\" srcset=\"https:\/\/docs.openflex.cloud\/fr\/wp-content\/uploads\/2021\/06\/1ajout-nouvel-entretien-module-cvtheque.jpg 640w, https:\/\/docs.openflex.cloud\/fr\/wp-content\/uploads\/2021\/06\/1ajout-nouvel-entretien-module-cvtheque-300x169.jpg 300w\" sizes=\"auto, (max-width: 681px) 100vw, 681px\" \/><figcaption><em>Entrez dans le module \u00ab&nbsp;cvth\u00e8que&nbsp;\u00bb<\/em><\/figcaption><\/figure><\/div>\n\n\n\n<p>Vous avez l\u00e0 une fiche \u00e0 compl\u00e9ter. Renseignez la date et l\u2019heure de l\u2019entretien et ensuite s\u00e9lectionnez le nom du candidat. Saisissez ensuite sa disponibilit\u00e9 sur le champ correspondant. S\u00e9lectionnez le poste \u00e0 pourvoir, puis son \u00e9tat, s\u2019il est recevable ou recal\u00e9. Cliquez maintenant sur \u00ab&nbsp;<strong>cr\u00e9er<\/strong>&nbsp;\u00bb pour enregistrer.<\/p>\n\n\n\n<div class=\"wp-block-image\"><figure class=\"aligncenter size-large is-resized\"><img loading=\"lazy\" decoding=\"async\" src=\"https:\/\/docs.openflex.cloud\/fr\/wp-content\/uploads\/2021\/06\/4ajout-nouvel-entretien-date-heure1.jpg\" alt=\"Ajout d\u2019un nouvel entretien- date et l\u2019heure de l\u2019entretien openflex\n\" class=\"wp-image-327\" width=\"685\" height=\"383\"\/><figcaption><em>Renseignez la date et l\u2019heure de l\u2019entretien<\/em><\/figcaption><\/figure><\/div>\n\n\n\n<p>Si vous avez des observations \u00e0 ajouter, cliquez sur la fiche de l\u2019entretien et entrez dans l\u2019onglet \u00ab&nbsp;<strong>observation<\/strong>&nbsp;\u00bb. Saisissez le nom de l\u2019\u00e9valuateur ainsi que les observations, puis cliquez sur \u00ab<strong>&nbsp;ajouter<\/strong>&nbsp;\u00bb.<\/p>\n\n\n\n<div class=\"wp-block-image\"><figure class=\"aligncenter size-large is-resized\"><img loading=\"lazy\" decoding=\"async\" src=\"https:\/\/docs.openflex.cloud\/fr\/wp-content\/uploads\/2021\/06\/11ajout-nouvel-entretien-observation.jpg\" alt=\"Ajout d\u2019un nouvel entretien-observation openflex\n\" class=\"wp-image-328\" width=\"680\" height=\"380\"\/><figcaption><em>Allez dans l\u2019onglet \u00ab&nbsp;observation&nbsp;\u00bb<\/em><\/figcaption><\/figure><\/div>\n\n\n\n<p>Et voil\u00e0, c\u2019est tout pour l\u2019ajout de nouvel entretien dans Openflex&nbsp;! Je vous dis \u00e0 bient\u00f4t pour de nouveaux tutos.<\/p>\n\n\n\n<p>N\u2019oubliez pas que le logiciel Openflex, c\u2019est plusieurs modules qui vous facilitent la gestion de votre entreprise, de votre <a href=\"https:\/\/docs.openflex.cloud\/fr\/tag\/module-point-vente\" data-type=\"URL\" data-id=\"https:\/\/docs.openflex.cloud\/fr\/tag\/module-point-vente\">caisse<\/a>, de vos <a href=\"https:\/\/docs.openflex.cloud\/fr\/tag\/module-crm\" data-type=\"URL\" data-id=\"https:\/\/docs.openflex.cloud\/fr\/tag\/module-crm\">factures<\/a>, et m\u00eame de vos <a href=\"https:\/\/openflex.cloud\/fr\/produit\/gestion-de-projets\/\" target=\"_blank\" rel=\"noopener\">projets<\/a>.<\/p>\n","protected":false},"excerpt":{"rendered":"<p>Apr\u00e8s les pr\u00e9c\u00e9dents tutos vous montrant la configuration du module CVth\u00e8que et la cr\u00e9ation de nouveaux candidats, nous voir l\u2019ajout d\u2019un nouvel entretien dans le logiciel Openflex.<\/p>\n","protected":false},"author":5,"featured_media":940,"comment_status":"open","ping_status":"open","sticky":false,"template":"","format":"standard","meta":{"footnotes":""},"categories":[6],"tags":[23,3],"class_list":["post-325","post","type-post","status-publish","format-standard","has-post-thumbnail","hentry","category-utilisation","tag-module-flotte-vehicules","tag-video"],"_links":{"self":[{"href":"https:\/\/docs.openflex.cloud\/fr\/wp-json\/wp\/v2\/posts\/325","targetHints":{"allow":["GET"]}}],"collection":[{"href":"https:\/\/docs.openflex.cloud\/fr\/wp-json\/wp\/v2\/posts"}],"about":[{"href":"https:\/\/docs.openflex.cloud\/fr\/wp-json\/wp\/v2\/types\/post"}],"author":[{"embeddable":true,"href":"https:\/\/docs.openflex.cloud\/fr\/wp-json\/wp\/v2\/users\/5"}],"replies":[{"embeddable":true,"href":"https:\/\/docs.openflex.cloud\/fr\/wp-json\/wp\/v2\/comments?post=325"}],"version-history":[{"count":7,"href":"https:\/\/docs.openflex.cloud\/fr\/wp-json\/wp\/v2\/posts\/325\/revisions"}],"predecessor-version":[{"id":2040,"href":"https:\/\/docs.openflex.cloud\/fr\/wp-json\/wp\/v2\/posts\/325\/revisions\/2040"}],"wp:featuredmedia":[{"embeddable":true,"href":"https:\/\/docs.openflex.cloud\/fr\/wp-json\/wp\/v2\/media\/940"}],"wp:attachment":[{"href":"https:\/\/docs.openflex.cloud\/fr\/wp-json\/wp\/v2\/media?parent=325"}],"wp:term":[{"taxonomy":"category","embeddable":true,"href":"https:\/\/docs.openflex.cloud\/fr\/wp-json\/wp\/v2\/categories?post=325"},{"taxonomy":"post_tag","embeddable":true,"href":"https:\/\/docs.openflex.cloud\/fr\/wp-json\/wp\/v2\/tags?post=325"}],"curies":[{"name":"wp","href":"https:\/\/api.w.org\/{rel}","templated":true}]}}