{"id":374,"date":"2021-06-25T10:07:29","date_gmt":"2021-06-25T08:07:29","guid":{"rendered":"https:\/\/docs.openflex.cloud\/fr\/?p=374"},"modified":"2021-07-19T13:16:24","modified_gmt":"2021-07-19T11:16:24","slug":"creation-taches","status":"publish","type":"post","link":"https:\/\/docs.openflex.cloud\/fr\/creation-taches\/","title":{"rendered":"Cr\u00e9ation de t\u00e2ches dans le logiciel Openflex [Tuto vid\u00e9o]"},"content":{"rendered":"\n<p>Aujourd\u2019hui, nous allons vous montrer comment cr\u00e9er une t\u00e2che dans <a href=\"https:\/\/openflex.cloud\/fr\/produit\/gestion-de-projets\/\" target=\"_blank\" rel=\"noopener\">le module Gestion de Projets<\/a> du logiciel Openflex.<\/p>\n\n\n\n<!--more-->\n\n\n\n<p>Vous avez 2 choix pour cr\u00e9er les t\u00e2ches, je vais vous les montrer.<\/p>\n\n\n\n<h2 class=\"wp-block-heading\">Cr\u00e9ation de t\u00e2ches dans la fiche \u00ab&nbsp;projet valid\u00e9&nbsp;\u00bb<\/h2>\n\n\n\n<p>Entrez d\u2019abord dans la fiche de projet valid\u00e9, puis cliquez sur l\u2019onglet \u00ab<strong> t\u00e2ches<\/strong>&nbsp;\u00bb. En bas de la fiche, il y a le bouton \u00ab&nbsp;<strong>cr\u00e9er t\u00e2ches<\/strong>&nbsp;\u00bb et cliquez dessus.<\/p>\n\n\n\n<div class=\"wp-block-image\"><figure class=\"aligncenter size-large is-resized\"><img decoding=\"async\" src=\"https:\/\/docs.openflex.cloud\/fr\/wp-content\/uploads\/2021\/06\/crC3A9ation-taches-openflex-1fiche-projet-valide-openflex-1024x576.jpg\" alt=\"Cr\u00e9ation de t\u00e2ches projet valid\u00e9 openflex\n\" class=\"wp-image-375\" width=\"741\" srcset=\"https:\/\/docs.openflex.cloud\/fr\/wp-content\/uploads\/2021\/06\/crC3A9ation-taches-openflex-1fiche-projet-valide-openflex-1024x576.jpg 1024w, https:\/\/docs.openflex.cloud\/fr\/wp-content\/uploads\/2021\/06\/crC3A9ation-taches-openflex-1fiche-projet-valide-openflex-300x169.jpg 300w, https:\/\/docs.openflex.cloud\/fr\/wp-content\/uploads\/2021\/06\/crC3A9ation-taches-openflex-1fiche-projet-valide-openflex-768x432.jpg 768w, https:\/\/docs.openflex.cloud\/fr\/wp-content\/uploads\/2021\/06\/crC3A9ation-taches-openflex-1fiche-projet-valide-openflex.jpg 1366w\" sizes=\"(max-width: 1024px) 100vw, 1024px\" \/><figcaption>Entrez dans la fiche de Projet valid\u00e9 <\/figcaption><\/figure><\/div>\n\n\n\n<h2 class=\"wp-block-heading\">Cr\u00e9ation de t\u00e2ches dans \u00ab&nbsp;mes t\u00e2ches\/activit\u00e9s&nbsp;\u00bb<\/h2>\n\n\n\n<p>Entrez dans le menu \u00ab&nbsp;<strong>mes t\u00e2ches\/activit\u00e9s<\/strong>&nbsp;\u00bb, puis choisissez l\u2019option \u00ab&nbsp;<strong>t\u00e2ches\/activit\u00e9s<\/strong>&nbsp;\u00bb. Maintenant, en dessous de cet option, cliquez sur \u00ab&nbsp;<strong>nouvelle t\u00e2che<\/strong>&nbsp;\u00bb.<\/p>\n\n\n\n<div class=\"wp-block-image\"><figure class=\"aligncenter size-large is-resized\"><img decoding=\"async\" src=\"https:\/\/docs.openflex.cloud\/fr\/wp-content\/uploads\/2021\/06\/crC3A9ation-taches-openflex4mes-taches-activites-openflex-2-1024x576.jpg\" alt=\"Cr\u00e9ation de t\u00e2ches nouvelle t\u00e2ches openflex\" class=\"wp-image-378\" width=\"741\" srcset=\"https:\/\/docs.openflex.cloud\/fr\/wp-content\/uploads\/2021\/06\/crC3A9ation-taches-openflex4mes-taches-activites-openflex-2-1024x576.jpg 1024w, https:\/\/docs.openflex.cloud\/fr\/wp-content\/uploads\/2021\/06\/crC3A9ation-taches-openflex4mes-taches-activites-openflex-2-300x169.jpg 300w, https:\/\/docs.openflex.cloud\/fr\/wp-content\/uploads\/2021\/06\/crC3A9ation-taches-openflex4mes-taches-activites-openflex-2-768x432.jpg 768w, https:\/\/docs.openflex.cloud\/fr\/wp-content\/uploads\/2021\/06\/crC3A9ation-taches-openflex4mes-taches-activites-openflex-2.jpg 1366w\" sizes=\"(max-width: 1024px) 100vw, 1024px\" \/><figcaption>Entrez dans le mes t\u00e2ches\/activit\u00e9s puis sur l&rsquo;option t\u00e2ches\/activit\u00e9s<\/figcaption><\/figure><\/div>\n\n\n\n<h2 class=\"wp-block-heading\">Le formulaire \u00e0 remplir pour la cr\u00e9ation de t\u00e2ches<\/h2>\n\n\n\n<p>Quelle que soit l\u2019option que vous choisissez, vous aurez toujours le m\u00eame formulaire \u00e0 remplir. Remarquez que le champ \u00ab&nbsp;<strong>r\u00e9f\u00e9rence<\/strong>&nbsp;\u00bb est d\u00e9j\u00e0 pr\u00e9-rempli. C\u2019est une r\u00e9f\u00e9rence automatique que vous pouvez param\u00e9trer dans la configuration. Saisissez son nom dans le libell\u00e9. Puis choisissez le projet \u00e0 rattacher \u00e0 la t\u00e2che dans \u00ab&nbsp;<strong>fille du projet\/t\u00e2che<\/strong>&nbsp;\u00bb.<\/p>\n\n\n\n<div class=\"wp-block-image\"><figure class=\"aligncenter size-large is-resized\"><img decoding=\"async\" src=\"https:\/\/docs.openflex.cloud\/fr\/wp-content\/uploads\/2021\/06\/crC3A9ation-taches-openflex7reference-openflex-1024x576.jpg\" alt=\"Cr\u00e9ation de t\u00e2ches projet- ajout projet openflex\" class=\"wp-image-379\" width=\"741\" srcset=\"https:\/\/docs.openflex.cloud\/fr\/wp-content\/uploads\/2021\/06\/crC3A9ation-taches-openflex7reference-openflex-1024x576.jpg 1024w, https:\/\/docs.openflex.cloud\/fr\/wp-content\/uploads\/2021\/06\/crC3A9ation-taches-openflex7reference-openflex-300x169.jpg 300w, https:\/\/docs.openflex.cloud\/fr\/wp-content\/uploads\/2021\/06\/crC3A9ation-taches-openflex7reference-openflex-768x432.jpg 768w, https:\/\/docs.openflex.cloud\/fr\/wp-content\/uploads\/2021\/06\/crC3A9ation-taches-openflex7reference-openflex.jpg 1366w\" sizes=\"(max-width: 1024px) 100vw, 1024px\" \/><figcaption>ajoutez le projet \u00e0 rattacher \u00e0 la t\u00e2che <\/figcaption><\/figure><\/div>\n\n\n\n<p>S\u00e9lectionnez maintenant l\u2019utilisateur affect\u00e9 \u00e0 cette t\u00e2che, puis ins\u00e9rez sa date de d\u00e9but et sa date de fin. Renseignez maintenant la charge de travail pr\u00e9vue en heure. Enfin, cliquez sur \u00ab&nbsp;<strong>ajouter<\/strong>&nbsp;\u00bb.<\/p>\n\n\n\n<div class=\"wp-block-image\"><figure class=\"aligncenter size-large is-resized\"><img decoding=\"async\" src=\"https:\/\/docs.openflex.cloud\/fr\/wp-content\/uploads\/2021\/06\/crC3A9ation-taches-openflex10utilisateur-affecte-openflex-1024x576.jpg\" alt=\"Cr\u00e9ation de t\u00e2ches  ajout utilisateur openflex\" class=\"wp-image-380\" width=\"741\" srcset=\"https:\/\/docs.openflex.cloud\/fr\/wp-content\/uploads\/2021\/06\/crC3A9ation-taches-openflex10utilisateur-affecte-openflex-1024x576.jpg 1024w, https:\/\/docs.openflex.cloud\/fr\/wp-content\/uploads\/2021\/06\/crC3A9ation-taches-openflex10utilisateur-affecte-openflex-300x169.jpg 300w, https:\/\/docs.openflex.cloud\/fr\/wp-content\/uploads\/2021\/06\/crC3A9ation-taches-openflex10utilisateur-affecte-openflex-768x432.jpg 768w, https:\/\/docs.openflex.cloud\/fr\/wp-content\/uploads\/2021\/06\/crC3A9ation-taches-openflex10utilisateur-affecte-openflex.jpg 1366w\" sizes=\"(max-width: 1024px) 100vw, 1024px\" \/><figcaption>S\u00e9lectionnez l\u2019utilisateur sur Affecter \u00e0 puis cliquez sur Ajouter<\/figcaption><\/figure><\/div>\n\n\n\n<p>Maintenant vous savez cr\u00e9er une t\u00e2che dans le module Gestion de Projets du logiciel Openflex&nbsp;!<\/p>\n\n\n\n<p>Ne manquez pas nos autres tutos pour la gestion de votre entreprise avec Openflex, l\u2019ERP complet qui fait\u00a0<a href=\"https:\/\/openflex.cloud\/fr\/produit\/vente-crm\/\" data-type=\"URL\" data-id=\"https:\/\/openflex.cloud\/fr\/produit\/vente-crm\/\" target=\"_blank\" rel=\"noopener\">logiciel de facturation<\/a>, de <a href=\"https:\/\/openflex.cloud\/fr\/produit\/point-de-vente\/\" data-type=\"URL\" data-id=\"https:\/\/openflex.cloud\/fr\/produit\/point-de-vente\/\" target=\"_blank\" rel=\"noopener\">caisse<\/a>\u00a0ou encore de <a href=\"https:\/\/stileex.xyz\/logiciel-gestion-stock\/\" target=\"_blank\" rel=\"noopener\">stock<\/a>\u00a0gr\u00e2ce \u00e0 ses modules.<\/p>\n\n\n\n<p>D\u00e9couvrez \u00e9galement <a href=\"https:\/\/docs.openflex.cloud\/fr\/creation-ordre-fabrication\/\" data-type=\"URL\" data-id=\"https:\/\/docs.openflex.cloud\/fr\/creation-ordre-fabrication\/\">un tuto sur la cr\u00e9ation d\u2019ordre de fabrication dans le module Gestion d<\/a><a href=\"https:\/\/stileex.xyz\/creation-ordre-fabrication\/\" target=\"_blank\" rel=\"noopener\">e la production dans Openflex<\/a>.<\/p>\n","protected":false},"excerpt":{"rendered":"<p>Aujourd\u2019hui, nous allons vous montrer comment cr\u00e9er une t\u00e2che dans le module Gestion de Projets du logiciel Openflex.<\/p>\n","protected":false},"author":5,"featured_media":940,"comment_status":"open","ping_status":"open","sticky":false,"template":"","format":"standard","meta":{"footnotes":""},"categories":[6],"tags":[32,3],"class_list":["post-374","post","type-post","status-publish","format-standard","has-post-thumbnail","hentry","category-utilisation","tag-module-projet","tag-video"],"_links":{"self":[{"href":"https:\/\/docs.openflex.cloud\/fr\/wp-json\/wp\/v2\/posts\/374","targetHints":{"allow":["GET"]}}],"collection":[{"href":"https:\/\/docs.openflex.cloud\/fr\/wp-json\/wp\/v2\/posts"}],"about":[{"href":"https:\/\/docs.openflex.cloud\/fr\/wp-json\/wp\/v2\/types\/post"}],"author":[{"embeddable":true,"href":"https:\/\/docs.openflex.cloud\/fr\/wp-json\/wp\/v2\/users\/5"}],"replies":[{"embeddable":true,"href":"https:\/\/docs.openflex.cloud\/fr\/wp-json\/wp\/v2\/comments?post=374"}],"version-history":[{"count":5,"href":"https:\/\/docs.openflex.cloud\/fr\/wp-json\/wp\/v2\/posts\/374\/revisions"}],"predecessor-version":[{"id":2122,"href":"https:\/\/docs.openflex.cloud\/fr\/wp-json\/wp\/v2\/posts\/374\/revisions\/2122"}],"wp:featuredmedia":[{"embeddable":true,"href":"https:\/\/docs.openflex.cloud\/fr\/wp-json\/wp\/v2\/media\/940"}],"wp:attachment":[{"href":"https:\/\/docs.openflex.cloud\/fr\/wp-json\/wp\/v2\/media?parent=374"}],"wp:term":[{"taxonomy":"category","embeddable":true,"href":"https:\/\/docs.openflex.cloud\/fr\/wp-json\/wp\/v2\/categories?post=374"},{"taxonomy":"post_tag","embeddable":true,"href":"https:\/\/docs.openflex.cloud\/fr\/wp-json\/wp\/v2\/tags?post=374"}],"curies":[{"name":"wp","href":"https:\/\/api.w.org\/{rel}","templated":true}]}}