{"id":475,"date":"2021-06-25T09:43:04","date_gmt":"2021-06-25T07:43:04","guid":{"rendered":"https:\/\/docs.openflex.cloud\/fr\/?p=475"},"modified":"2021-07-19T13:03:49","modified_gmt":"2021-07-19T11:03:49","slug":"creation-projet","status":"publish","type":"post","link":"https:\/\/docs.openflex.cloud\/fr\/creation-projet\/","title":{"rendered":"Cr\u00e9ation d\u2019un projet dans Openflex [Tuto vid\u00e9o]"},"content":{"rendered":"\n<p>Bonjour, je suis ravie de vous retrouver pour ce nouveau tutoriel o\u00f9 nous allons voir comment faire la <strong>cr\u00e9ation d&rsquo;un projet<\/strong>&nbsp;!<\/p>\n\n\n\n<!--more-->\n\n\n\n<h2 class=\"wp-block-heading\">Cr\u00e9ation d\u2019un projet sur Openflex<\/h2>\n\n\n\n<p>Tout d\u2019abord, vous allez dans la rubrique \u00ab<strong>&nbsp;projet<\/strong>&nbsp;\u00bb.<\/p>\n\n\n\n<div class=\"wp-block-image\"><figure class=\"aligncenter size-large is-resized\"><img decoding=\"async\" src=\"https:\/\/docs.openflex.cloud\/fr\/wp-content\/uploads\/2021\/06\/1-creation-projet-openflex-.jpg\" alt=\"\" class=\"wp-image-1615\" width=\"741\" srcset=\"https:\/\/docs.openflex.cloud\/fr\/wp-content\/uploads\/2021\/06\/1-creation-projet-openflex-.jpg 640w, https:\/\/docs.openflex.cloud\/fr\/wp-content\/uploads\/2021\/06\/1-creation-projet-openflex--300x170.jpg 300w\" sizes=\"(max-width: 640px) 100vw, 640px\" \/><figcaption>Pour commencer, dirigez-vous vers le menu \u00ab&nbsp;projets&nbsp;\u00bb<\/figcaption><\/figure><\/div>\n\n\n\n<p>Une fois que vous y serez, vous aurez deux sous-menus&nbsp;: \u00ab&nbsp;<strong>mes projets&nbsp;<\/strong>\u00bb et \u00ab&nbsp;<strong>projet<\/strong>&nbsp;\u00bb. Que ce soit \u00e0 partir de l\u2019un ou de l\u2019autre, vous pouvez sans souci cr\u00e9er un nouveau projet. Ici on va choisir le second. Cliquez donc sur \u00ab&nbsp;<strong>projet&nbsp;<\/strong>\u00bb puis \u00ab&nbsp;<strong>nouveau projet&nbsp;<\/strong>\u00bb.<\/p>\n\n\n\n<div class=\"wp-block-image\"><figure class=\"aligncenter size-large is-resized\"><img decoding=\"async\" src=\"https:\/\/docs.openflex.cloud\/fr\/wp-content\/uploads\/2021\/06\/mes-projets_openflex-1024x578.jpg\" alt=\"Cr\u00e9ation d\u2019un projet mes projets openflex\" class=\"wp-image-477\" width=\"741\" srcset=\"https:\/\/docs.openflex.cloud\/fr\/wp-content\/uploads\/2021\/06\/mes-projets_openflex-1024x578.jpg 1024w, https:\/\/docs.openflex.cloud\/fr\/wp-content\/uploads\/2021\/06\/mes-projets_openflex-300x169.jpg 300w, https:\/\/docs.openflex.cloud\/fr\/wp-content\/uploads\/2021\/06\/mes-projets_openflex-768x434.jpg 768w, https:\/\/docs.openflex.cloud\/fr\/wp-content\/uploads\/2021\/06\/mes-projets_openflex.jpg 1463w\" sizes=\"(max-width: 1024px) 100vw, 1024px\" \/><figcaption>Cliquez soit sur \u00ab&nbsp;mes projets&nbsp;\u00bb soit sur \u00ab&nbsp;projet&nbsp;\u00bb<\/figcaption><\/figure><\/div>\n\n\n\n<div class=\"wp-block-image\"><figure class=\"aligncenter size-large is-resized\"><img decoding=\"async\" src=\"https:\/\/docs.openflex.cloud\/fr\/wp-content\/uploads\/2021\/06\/nouveau-projet_openflex-1024x575.jpg\" alt=\"Cr\u00e9ation d\u2019un projet nouveau projet openflex\" class=\"wp-image-478\" width=\"741\" srcset=\"https:\/\/docs.openflex.cloud\/fr\/wp-content\/uploads\/2021\/06\/nouveau-projet_openflex-1024x575.jpg 1024w, https:\/\/docs.openflex.cloud\/fr\/wp-content\/uploads\/2021\/06\/nouveau-projet_openflex-300x168.jpg 300w, https:\/\/docs.openflex.cloud\/fr\/wp-content\/uploads\/2021\/06\/nouveau-projet_openflex-768x431.jpg 768w, https:\/\/docs.openflex.cloud\/fr\/wp-content\/uploads\/2021\/06\/nouveau-projet_openflex.jpg 1468w\" sizes=\"(max-width: 1024px) 100vw, 1024px\" \/><figcaption>Puis sur \u00ab&nbsp;nouveau projet&nbsp;\u00bb<\/figcaption><\/figure><\/div>\n\n\n\n<p>De ce fait, vous aurez la fiche \u00ab&nbsp;<strong>nouveau projet<\/strong>&nbsp;\u00bb. La r\u00e9f\u00e9rence est d\u00e9j\u00e0 renseign\u00e9e par d\u00e9faut, mais vous pouvez modifier selon votre choix. Ensuite, ajoutez dans ce champ le libell\u00e9. S\u00e9lectionnez le tiers rattach\u00e9 au projet et choisissez ensuite la visibilit\u00e9 de votre nouveau projet&nbsp;: \u00ab&nbsp;<strong>contact projet&nbsp;<\/strong>\u00bb si cette fiche n\u2019est visible que pour les contacts li\u00e9s au projet ou \u00ab<strong>&nbsp;tout le monde<\/strong>&nbsp;\u00bb si vous voulez que la fiche soit visible en public. S\u00e9lectionnez maintenant la date de d\u00e9but puis la date de fin du projet.<\/p>\n\n\n\n<div class=\"wp-block-image\"><figure class=\"aligncenter size-large is-resized\"><img decoding=\"async\" src=\"https:\/\/docs.openflex.cloud\/fr\/wp-content\/uploads\/2021\/06\/reference-2_openflex-1024x575.jpg\" alt=\"Cr\u00e9ation d\u2019un projet nouveau projet  r\u00e9f\u00e9rence openflex\" class=\"wp-image-479\" width=\"741\" srcset=\"https:\/\/docs.openflex.cloud\/fr\/wp-content\/uploads\/2021\/06\/reference-2_openflex-1024x575.jpg 1024w, https:\/\/docs.openflex.cloud\/fr\/wp-content\/uploads\/2021\/06\/reference-2_openflex-300x169.jpg 300w, https:\/\/docs.openflex.cloud\/fr\/wp-content\/uploads\/2021\/06\/reference-2_openflex-768x432.jpg 768w, https:\/\/docs.openflex.cloud\/fr\/wp-content\/uploads\/2021\/06\/reference-2_openflex.jpg 1463w\" sizes=\"(max-width: 1024px) 100vw, 1024px\" \/><figcaption>La r\u00e9f\u00e9rence est renseign\u00e9e par d\u00e9faut<\/figcaption><\/figure><\/div>\n\n\n\n<div class=\"wp-block-image\"><figure class=\"aligncenter size-large is-resized\"><img decoding=\"async\" src=\"https:\/\/docs.openflex.cloud\/fr\/wp-content\/uploads\/2021\/06\/libelle_openflex-1024x623.jpg\" alt=\"Cr\u00e9ation d\u2019un projet nouveau projet  libell\u00e9 openflex\" class=\"wp-image-480\" width=\"741\" srcset=\"https:\/\/docs.openflex.cloud\/fr\/wp-content\/uploads\/2021\/06\/libelle_openflex-1024x623.jpg 1024w, https:\/\/docs.openflex.cloud\/fr\/wp-content\/uploads\/2021\/06\/libelle_openflex-300x183.jpg 300w, https:\/\/docs.openflex.cloud\/fr\/wp-content\/uploads\/2021\/06\/libelle_openflex-768x467.jpg 768w, https:\/\/docs.openflex.cloud\/fr\/wp-content\/uploads\/2021\/06\/libelle_openflex.jpg 1351w\" sizes=\"(max-width: 1024px) 100vw, 1024px\" \/><figcaption>Ins\u00e9rez ensuite le libell\u00e9 dans le champ<\/figcaption><\/figure><\/div>\n\n\n\n<div class=\"wp-block-image\"><figure class=\"aligncenter size-large is-resized\"><img decoding=\"async\" src=\"https:\/\/docs.openflex.cloud\/fr\/wp-content\/uploads\/2021\/06\/tiers-1_openflex-1024x574.jpg\" alt=\"Cr\u00e9ation d\u2019un projet nouveau projet  tiers openflex\n\" class=\"wp-image-481\" width=\"741\" srcset=\"https:\/\/docs.openflex.cloud\/fr\/wp-content\/uploads\/2021\/06\/tiers-1_openflex-1024x574.jpg 1024w, https:\/\/docs.openflex.cloud\/fr\/wp-content\/uploads\/2021\/06\/tiers-1_openflex-300x168.jpg 300w, https:\/\/docs.openflex.cloud\/fr\/wp-content\/uploads\/2021\/06\/tiers-1_openflex-768x430.jpg 768w, https:\/\/docs.openflex.cloud\/fr\/wp-content\/uploads\/2021\/06\/tiers-1_openflex.jpg 1470w\" sizes=\"(max-width: 1024px) 100vw, 1024px\" \/><figcaption>Puis s\u00e9lectionnez le tiers rattach\u00e9 au projet<\/figcaption><\/figure><\/div>\n\n\n\n<div class=\"wp-block-image\"><figure class=\"aligncenter size-large is-resized\"><img decoding=\"async\" src=\"https:\/\/docs.openflex.cloud\/fr\/wp-content\/uploads\/2021\/06\/visibilite_openflex-1024x576.jpg\" alt=\"Cr\u00e9ation d\u2019un projet nouveau projet  visibilit\u00e9 openflex\" class=\"wp-image-482\" width=\"741\" srcset=\"https:\/\/docs.openflex.cloud\/fr\/wp-content\/uploads\/2021\/06\/visibilite_openflex-1024x576.jpg 1024w, https:\/\/docs.openflex.cloud\/fr\/wp-content\/uploads\/2021\/06\/visibilite_openflex-300x169.jpg 300w, https:\/\/docs.openflex.cloud\/fr\/wp-content\/uploads\/2021\/06\/visibilite_openflex-768x432.jpg 768w, https:\/\/docs.openflex.cloud\/fr\/wp-content\/uploads\/2021\/06\/visibilite_openflex.jpg 1466w\" sizes=\"(max-width: 1024px) 100vw, 1024px\" \/><figcaption>Ainsi que votre choix de visibilit\u00e9<\/figcaption><\/figure><\/div>\n\n\n\n<div class=\"wp-block-image\"><figure class=\"aligncenter size-large is-resized\"><img decoding=\"async\" src=\"https:\/\/docs.openflex.cloud\/fr\/wp-content\/uploads\/2021\/06\/date-fin-openflex-1024x573.jpg\" alt=\"Cr\u00e9ation d\u2019un projet nouveau projet  date openflex\" class=\"wp-image-483\" width=\"741\" srcset=\"https:\/\/docs.openflex.cloud\/fr\/wp-content\/uploads\/2021\/06\/date-fin-openflex-1024x573.jpg 1024w, https:\/\/docs.openflex.cloud\/fr\/wp-content\/uploads\/2021\/06\/date-fin-openflex-300x168.jpg 300w, https:\/\/docs.openflex.cloud\/fr\/wp-content\/uploads\/2021\/06\/date-fin-openflex-768x430.jpg 768w, https:\/\/docs.openflex.cloud\/fr\/wp-content\/uploads\/2021\/06\/date-fin-openflex.jpg 1466w\" sizes=\"(max-width: 1024px) 100vw, 1024px\" \/><figcaption>Et enfin la date de d\u00e9but puis la date de fin du projet<\/figcaption><\/figure><\/div>\n\n\n\n<p>Dans \u00ab&nbsp;<strong>statut opportunit\u00e9<\/strong>&nbsp;\u00bb, vous pouvez choisir si le projet est encore en phase de prospection, qualification, proposition, en n\u00e9gociation, gagn\u00e9 ou perdu.<\/p>\n\n\n\n<div class=\"wp-block-image\"><figure class=\"aligncenter size-large is-resized\"><img decoding=\"async\" src=\"https:\/\/docs.openflex.cloud\/fr\/wp-content\/uploads\/2021\/06\/statut-opportunite-640x360_openflex.jpg\" alt=\"Cr\u00e9ation d\u2019un projet nouveau projet  statut opportunit\u00e9\" class=\"wp-image-484\" width=\"741\" srcset=\"https:\/\/docs.openflex.cloud\/fr\/wp-content\/uploads\/2021\/06\/statut-opportunite-640x360_openflex.jpg 640w, https:\/\/docs.openflex.cloud\/fr\/wp-content\/uploads\/2021\/06\/statut-opportunite-640x360_openflex-300x169.jpg 300w\" sizes=\"(max-width: 640px) 100vw, 640px\" \/><figcaption>Le menu \u00ab&nbsp;statut opportunit\u00e9&nbsp;\u00bb<\/figcaption><\/figure><\/div>\n\n\n\n<p>La probabilit\u00e9 d\u2019opportunit\u00e9 est renseign\u00e9e automatiquement selon votre choix de statut d\u2019opportunit\u00e9. Et vous ajoutez votre budget du contrat ici.<\/p>\n\n\n\n<div class=\"wp-block-image\"><figure class=\"aligncenter size-large is-resized\"><img loading=\"lazy\" decoding=\"async\" src=\"https:\/\/docs.openflex.cloud\/fr\/wp-content\/uploads\/2021\/06\/budget-640x359_png_openflex.jpg\" alt=\"Cr\u00e9ation d\u2019un projet nouveau projet  budget openflex\" class=\"wp-image-485\" width=\"741\" height=\"348\"\/><figcaption>Puis ajoutez votre budget de projet<\/figcaption><\/figure><\/div>\n\n\n\n<p>Enfin, vous pouvez remplir les autres informations suppl\u00e9mentaires puis cliquez sur \u00ab<strong>&nbsp;cr\u00e9er brouillon<\/strong>&nbsp;\u00bb et validez.<\/p>\n\n\n\n<div class=\"wp-block-image\"><figure class=\"aligncenter size-large is-resized\"><img decoding=\"async\" src=\"https:\/\/docs.openflex.cloud\/fr\/wp-content\/uploads\/2021\/06\/crer-brouillon_png_openflex-1024x576.jpg\" alt=\"Cr\u00e9ation d\u2019un projet nouveau projet  cr\u00e9er brouillon openflex\" class=\"wp-image-486\" width=\"741\" srcset=\"https:\/\/docs.openflex.cloud\/fr\/wp-content\/uploads\/2021\/06\/crer-brouillon_png_openflex-1024x576.jpg 1024w, https:\/\/docs.openflex.cloud\/fr\/wp-content\/uploads\/2021\/06\/crer-brouillon_png_openflex-300x169.jpg 300w, https:\/\/docs.openflex.cloud\/fr\/wp-content\/uploads\/2021\/06\/crer-brouillon_png_openflex-768x432.jpg 768w, https:\/\/docs.openflex.cloud\/fr\/wp-content\/uploads\/2021\/06\/crer-brouillon_png_openflex.jpg 1472w\" sizes=\"(max-width: 1024px) 100vw, 1024px\" \/><figcaption>Cliquez sur cr\u00e9er brouillon<\/figcaption><\/figure><\/div>\n\n\n\n<p>Et c\u2019est tout\u00a0! \u00c0 la prochaine pour de nouveaux tutoriels\u00a0! D\u00e9couvrez par exemple les modules de gestion de <a href=\"https:\/\/openflex.cloud\/fr\/produit\/achat-stock\/\" data-type=\"URL\" data-id=\"https:\/\/openflex.cloud\/fr\/produit\/achat-stock\/\" target=\"_blank\" rel=\"noopener\">stock<\/a> ou de <a href=\"https:\/\/openflex.cloud\/fr\/produit\/rh-paies\/\" data-type=\"URL\" data-id=\"https:\/\/openflex.cloud\/fr\/produit\/rh-paies\/\" target=\"_blank\" rel=\"noopener\">paies<\/a> d\u2019 Openflex.<\/p>\n\n\n\n<h2 class=\"wp-block-heading\">Un mot sur Openflex<\/h2>\n\n\n\n<p><a href=\"https:\/\/openflex.cloud\/fr\/\" target=\"_blank\" rel=\"noopener\">Openflex<\/a> est un logiciel de gestion <strong>dans le cloud<\/strong> qui ne n\u00e9cessite <strong>aucun abonnement<\/strong>. Complet, souple et facile d\u2019acc\u00e8s, ce logiciel ERP s\u2019adresse \u00e0 toutes les tailles d\u2019entreprises et, gr\u00e2ce \u00e0 ces modules personnalisables, les accompagnera en douceur dans leurs \u00e9volutions.<\/p>\n\n\n\n<p>Achats&amp;Stock, RH&amp;Paies, Vente&amp;CRM, Point de vente, les modules disponibles sont (pour le moment) au nombre de <strong>24<\/strong> et couvrent un large spectre des activit\u00e9s commerciales, administratives et sociales d\u2019une entreprise.<\/p>\n\n\n\n<p>D\u00e9couvrez \u00e9galement <a href=\"https:\/\/docs.openflex.cloud\/fr\/creation-taches\/\" data-type=\"URL\" data-id=\"https:\/\/docs.openflex.cloud\/fr\/creation-taches\/\">un tuto sur la cr\u00e9ation de t\u00e2ches dans le module Gestion de Projets<\/a><\/p>\n","protected":false},"excerpt":{"rendered":"<p>Bonjour, je suis ravie de vous retrouver pour ce nouveau tutoriel o\u00f9 nous allons voir comment faire la cr\u00e9ation d&rsquo;un projet&nbsp;!<\/p>\n","protected":false},"author":5,"featured_media":940,"comment_status":"open","ping_status":"open","sticky":false,"template":"","format":"standard","meta":{"footnotes":""},"categories":[6],"tags":[32,3],"class_list":["post-475","post","type-post","status-publish","format-standard","has-post-thumbnail","hentry","category-utilisation","tag-module-projet","tag-video"],"_links":{"self":[{"href":"https:\/\/docs.openflex.cloud\/fr\/wp-json\/wp\/v2\/posts\/475","targetHints":{"allow":["GET"]}}],"collection":[{"href":"https:\/\/docs.openflex.cloud\/fr\/wp-json\/wp\/v2\/posts"}],"about":[{"href":"https:\/\/docs.openflex.cloud\/fr\/wp-json\/wp\/v2\/types\/post"}],"author":[{"embeddable":true,"href":"https:\/\/docs.openflex.cloud\/fr\/wp-json\/wp\/v2\/users\/5"}],"replies":[{"embeddable":true,"href":"https:\/\/docs.openflex.cloud\/fr\/wp-json\/wp\/v2\/comments?post=475"}],"version-history":[{"count":6,"href":"https:\/\/docs.openflex.cloud\/fr\/wp-json\/wp\/v2\/posts\/475\/revisions"}],"predecessor-version":[{"id":2112,"href":"https:\/\/docs.openflex.cloud\/fr\/wp-json\/wp\/v2\/posts\/475\/revisions\/2112"}],"wp:featuredmedia":[{"embeddable":true,"href":"https:\/\/docs.openflex.cloud\/fr\/wp-json\/wp\/v2\/media\/940"}],"wp:attachment":[{"href":"https:\/\/docs.openflex.cloud\/fr\/wp-json\/wp\/v2\/media?parent=475"}],"wp:term":[{"taxonomy":"category","embeddable":true,"href":"https:\/\/docs.openflex.cloud\/fr\/wp-json\/wp\/v2\/categories?post=475"},{"taxonomy":"post_tag","embeddable":true,"href":"https:\/\/docs.openflex.cloud\/fr\/wp-json\/wp\/v2\/tags?post=475"}],"curies":[{"name":"wp","href":"https:\/\/api.w.org\/{rel}","templated":true}]}}