{"id":660,"date":"2021-06-23T16:04:45","date_gmt":"2021-06-23T14:04:45","guid":{"rendered":"https:\/\/docs.openflex.cloud\/fr\/?p=660"},"modified":"2021-07-19T07:22:18","modified_gmt":"2021-07-19T05:22:18","slug":"creation-salarie","status":"publish","type":"post","link":"https:\/\/docs.openflex.cloud\/fr\/creation-salarie\/","title":{"rendered":"Cr\u00e9ation d\u2019un salari\u00e9 dans le logiciel ERP Openflex [Tuto vid\u00e9o]"},"content":{"rendered":"\n<p>Bonjour. Toujours avec le module <a href=\"https:\/\/openflex.cloud\/fr\/produit\/rh-paies\/\" target=\"_blank\" rel=\"noopener\">RH&amp;Paies&nbsp;<\/a>d\u2019Openflex, ce pr\u00e9sent tutoriel va vous montrer comment cr\u00e9er vos salari\u00e9s sur l\u2019interface.<\/p>\n\n\n\n<!--more-->\n\n\n\n<h2 class=\"wp-block-heading\">Comment proc\u00e9der&nbsp;la cr\u00e9ation d\u2019un salari\u00e9<\/h2>\n\n\n\n<p>Dans le menu <strong>\u00ab&nbsp;GRH&nbsp;\u00bb<\/strong>, cliquez sur l\u2019onglet <strong>\u00ab&nbsp;nouveau salari\u00e9&nbsp;\u00bb<\/strong>. Vous aurez ensuite \u00e0 remplir un formulaire demandant des informations sur le salari\u00e9.<\/p>\n\n\n\n<figure class=\"wp-block-image size-large\"><img loading=\"lazy\" decoding=\"async\" width=\"1024\" height=\"576\" src=\"https:\/\/docs.openflex.cloud\/fr\/wp-content\/uploads\/2021\/06\/module-GRH_openflex-1024x576.jpg\" alt=\"Cr\u00e9ation d\u2019un salari\u00e9 GRH openflex\" class=\"wp-image-661\" srcset=\"https:\/\/docs.openflex.cloud\/fr\/wp-content\/uploads\/2021\/06\/module-GRH_openflex-1024x576.jpg 1024w, https:\/\/docs.openflex.cloud\/fr\/wp-content\/uploads\/2021\/06\/module-GRH_openflex-300x169.jpg 300w, https:\/\/docs.openflex.cloud\/fr\/wp-content\/uploads\/2021\/06\/module-GRH_openflex-768x432.jpg 768w, https:\/\/docs.openflex.cloud\/fr\/wp-content\/uploads\/2021\/06\/module-GRH_openflex.jpg 1366w\" sizes=\"auto, (max-width: 1024px) 100vw, 1024px\" \/><figcaption><em>Allez dans le menu \u00ab&nbsp;GRH&nbsp;\u00bb<\/em><\/figcaption><\/figure>\n\n\n\n<figure class=\"wp-block-image size-large\"><img loading=\"lazy\" decoding=\"async\" width=\"1024\" height=\"576\" src=\"https:\/\/docs.openflex.cloud\/fr\/wp-content\/uploads\/2021\/06\/nouveau-salarie_openflex-1024x576.jpg\" alt=\"Cr\u00e9ation d\u2019un salari\u00e9 nouveau salari\u00e9 openflex\" class=\"wp-image-662\" srcset=\"https:\/\/docs.openflex.cloud\/fr\/wp-content\/uploads\/2021\/06\/nouveau-salarie_openflex-1024x576.jpg 1024w, https:\/\/docs.openflex.cloud\/fr\/wp-content\/uploads\/2021\/06\/nouveau-salarie_openflex-300x169.jpg 300w, https:\/\/docs.openflex.cloud\/fr\/wp-content\/uploads\/2021\/06\/nouveau-salarie_openflex-768x432.jpg 768w, https:\/\/docs.openflex.cloud\/fr\/wp-content\/uploads\/2021\/06\/nouveau-salarie_openflex.jpg 1366w\" sizes=\"auto, (max-width: 1024px) 100vw, 1024px\" \/><figcaption><em>Cliquez sur \u00ab&nbsp;nouveau salari\u00e9&nbsp;\u00bb<\/em><\/figcaption><\/figure>\n\n\n\n<figure class=\"wp-block-image size-large\"><img loading=\"lazy\" decoding=\"async\" width=\"1024\" height=\"576\" src=\"https:\/\/docs.openflex.cloud\/fr\/wp-content\/uploads\/2021\/06\/formulaire-salarie_openflex-1024x576.jpg\" alt=\"Cr\u00e9ation d\u2019un salari\u00e9 formulaire du salari\u00e9 openflex \" class=\"wp-image-663\" srcset=\"https:\/\/docs.openflex.cloud\/fr\/wp-content\/uploads\/2021\/06\/formulaire-salarie_openflex-1024x576.jpg 1024w, https:\/\/docs.openflex.cloud\/fr\/wp-content\/uploads\/2021\/06\/formulaire-salarie_openflex-300x169.jpg 300w, https:\/\/docs.openflex.cloud\/fr\/wp-content\/uploads\/2021\/06\/formulaire-salarie_openflex-768x432.jpg 768w, https:\/\/docs.openflex.cloud\/fr\/wp-content\/uploads\/2021\/06\/formulaire-salarie_openflex.jpg 1366w\" sizes=\"auto, (max-width: 1024px) 100vw, 1024px\" \/><figcaption><em>Voici le formulaire du salari\u00e9<\/em><\/figcaption><\/figure>\n\n\n\n<h2 class=\"wp-block-heading\">Les \u00e9tapes \u00e0 suivre pour la cr\u00e9ation d\u2019un salari\u00e9<\/h2>\n\n\n\n<p>Renseignez obligatoirement le nom du salari\u00e9, son pr\u00e9nom, son identifiant ainsi que son mot de passe. Informez ensuite son e-mail professionnel. Apr\u00e8s cela, mettez sa date de naissance, son genre et sa nationalit\u00e9.<\/p>\n\n\n\n<p>Dans le champ \u00ab&nbsp;attribution de cong\u00e9 mensuel&nbsp;\u00bb, choisissez le nombre de jours de cong\u00e9 que vous attribuerez chaque mois \u00e0 l\u2019employ\u00e9.<\/p>\n\n\n\n<figure class=\"wp-block-image size-large\"><img loading=\"lazy\" decoding=\"async\" width=\"1024\" height=\"576\" src=\"https:\/\/docs.openflex.cloud\/fr\/wp-content\/uploads\/2021\/06\/jour-conge_openflex-1024x576.jpg\" alt=\"Cr\u00e9ation d\u2019un salari\u00e9  nombre de jours de cong\u00e9 openflex\" class=\"wp-image-664\" srcset=\"https:\/\/docs.openflex.cloud\/fr\/wp-content\/uploads\/2021\/06\/jour-conge_openflex-1024x576.jpg 1024w, https:\/\/docs.openflex.cloud\/fr\/wp-content\/uploads\/2021\/06\/jour-conge_openflex-300x169.jpg 300w, https:\/\/docs.openflex.cloud\/fr\/wp-content\/uploads\/2021\/06\/jour-conge_openflex-768x432.jpg 768w, https:\/\/docs.openflex.cloud\/fr\/wp-content\/uploads\/2021\/06\/jour-conge_openflex.jpg 1366w\" sizes=\"auto, (max-width: 1024px) 100vw, 1024px\" \/><figcaption><em>Ins\u00e9rez le nombre de jours de cong\u00e9 attribu\u00e9s<\/em><\/figcaption><\/figure>\n\n\n\n<p>Dans le champ<strong> \u00ab\u00a0actif\u00a0\u00bb<\/strong>, vous pouvez choisir si l\u2019employ\u00e9 est actif ou non, \u00e0 noter qu\u2019on ne peut pas mettre de <a href=\"https:\/\/docs.openflex.cloud\/fr\/edition-bulletin-paie\/\" data-type=\"URL\" data-id=\"https:\/\/docs.openflex.cloud\/fr\/edition-bulletin-paie\/\">bulletin de paie<\/a> \u00e0 un employ\u00e9 inactif.<\/p>\n\n\n\n<p>Le champ \u00ab&nbsp;note&nbsp;\u00bb vous permet ensuite d\u2019\u00e9crire des observations si besoin.<\/p>\n\n\n\n<figure class=\"wp-block-image size-large\"><img loading=\"lazy\" decoding=\"async\" width=\"1024\" height=\"576\" src=\"https:\/\/docs.openflex.cloud\/fr\/wp-content\/uploads\/2021\/06\/actif_png_openflex-1024x576.jpg\" alt=\"Cr\u00e9ation d\u2019un salari\u00e9  actif ou non openflex\" class=\"wp-image-665\" srcset=\"https:\/\/docs.openflex.cloud\/fr\/wp-content\/uploads\/2021\/06\/actif_png_openflex-1024x576.jpg 1024w, https:\/\/docs.openflex.cloud\/fr\/wp-content\/uploads\/2021\/06\/actif_png_openflex-300x169.jpg 300w, https:\/\/docs.openflex.cloud\/fr\/wp-content\/uploads\/2021\/06\/actif_png_openflex-768x432.jpg 768w, https:\/\/docs.openflex.cloud\/fr\/wp-content\/uploads\/2021\/06\/actif_png_openflex.jpg 1366w\" sizes=\"auto, (max-width: 1024px) 100vw, 1024px\" \/><figcaption><em>Saisissez ici si l\u2019employ\u00e9 est actif ou non<\/em><\/figcaption><\/figure>\n\n\n\n<p>Enfin, pour enregistrer, cliquez sur le bouton <strong>\u00ab&nbsp;cr\u00e9er&nbsp;\u00bb<\/strong>. Par contre, si vous voulez ajouter la photo du salari\u00e9, modifiez sa fiche, puis t\u00e9l\u00e9versez sa photo et n\u2019oubliez pas d\u2019<strong>enregistrer<\/strong> pour terminer.<\/p>\n\n\n\n<figure class=\"wp-block-image size-large\"><img loading=\"lazy\" decoding=\"async\" width=\"1024\" height=\"576\" src=\"https:\/\/docs.openflex.cloud\/fr\/wp-content\/uploads\/2021\/06\/telecharger-photo-openflex-1024x576.jpg\" alt=\"Cr\u00e9ation d\u2019un salari\u00e9  enregistrer openflex\" class=\"wp-image-666\" srcset=\"https:\/\/docs.openflex.cloud\/fr\/wp-content\/uploads\/2021\/06\/telecharger-photo-openflex-1024x576.jpg 1024w, https:\/\/docs.openflex.cloud\/fr\/wp-content\/uploads\/2021\/06\/telecharger-photo-openflex-300x169.jpg 300w, https:\/\/docs.openflex.cloud\/fr\/wp-content\/uploads\/2021\/06\/telecharger-photo-openflex-768x432.jpg 768w, https:\/\/docs.openflex.cloud\/fr\/wp-content\/uploads\/2021\/06\/telecharger-photo-openflex.jpg 1366w\" sizes=\"auto, (max-width: 1024px) 100vw, 1024px\" \/><figcaption><em>Cliquez sur enregistrer pour terminer<\/em><\/figcaption><\/figure>\n\n\n\n<p>N\u2019oubliez pas de suivre d\u2019autres tutoriels sur le site pour voir les guides pour g\u00e9rer vos ressources, votre <a href=\"https:\/\/docs.openflex.cloud\/fr\/tag\/module-achat-stock\/\" data-type=\"URL\" data-id=\"https:\/\/docs.openflex.cloud\/fr\/tag\/module-achat-stock\/\">stock<\/a>, vos <a href=\"https:\/\/docs.openflex.cloud\/fr\/tag\/module-crm\" data-type=\"URL\" data-id=\"https:\/\/docs.openflex.cloud\/fr\/tag\/module-crm\">factures<\/a>\u2026<\/p>\n\n\n\n<p>D\u00e9couvrez \u00e9galement nos autres tutos Openflex&nbsp;:<\/p>\n\n\n\n<ul class=\"wp-block-list\"><li><a href=\"https:\/\/docs.openflex.cloud\/fr\/creation-regles-structures-salariales\/\" data-type=\"URL\" data-id=\"https:\/\/docs.openflex.cloud\/fr\/creation-regles-structures-salariales\/\">cr\u00e9ation de r\u00e8gles et structures salariales<\/a><\/li><li><a href=\"https:\/\/docs.openflex.cloud\/fr\/creation-contrat-salarie\/\" data-type=\"URL\" data-id=\"https:\/\/docs.openflex.cloud\/fr\/creation-contrat-salarie\/\">cr\u00e9ation d\u2019un contrat salari\u00e9<\/a><\/li><li><a href=\"https:\/\/docs.openflex.cloud\/fr\/creation-poste-departement-contrat\/\" data-type=\"URL\" data-id=\"https:\/\/docs.openflex.cloud\/fr\/creation-poste-departement-contrat\/\">cr\u00e9ation de poste, de d\u00e9partement et de type de contrat<\/a><\/li><li><a href=\"https:\/\/docs.openflex.cloud\/fr\/edition-bulletin-paie\/\" data-type=\"URL\" data-id=\"https:\/\/docs.openflex.cloud\/fr\/edition-bulletin-paie\/\">\u00e9dition d\u2019un bulletin de paie<\/a><\/li><li><a href=\"https:\/\/docs.openflex.cloud\/fr\/avances-prets-salaries\/\" data-type=\"URL\" data-id=\"https:\/\/docs.openflex.cloud\/fr\/avances-prets-salaries\/\">gestion des avances et des pr\u00eats salari\u00e9s<\/a><\/li><\/ul>\n","protected":false},"excerpt":{"rendered":"<p>Bonjour. Toujours avec le module RH&amp;Paies&nbsp;d\u2019Openflex, ce pr\u00e9sent tutoriel va vous montrer comment cr\u00e9er vos salari\u00e9s sur l\u2019interface.<\/p>\n","protected":false},"author":5,"featured_media":940,"comment_status":"open","ping_status":"open","sticky":false,"template":"","format":"standard","meta":{"footnotes":""},"categories":[6],"tags":[20,3],"class_list":["post-660","post","type-post","status-publish","format-standard","has-post-thumbnail","hentry","category-utilisation","tag-module-grh","tag-video"],"_links":{"self":[{"href":"https:\/\/docs.openflex.cloud\/fr\/wp-json\/wp\/v2\/posts\/660","targetHints":{"allow":["GET"]}}],"collection":[{"href":"https:\/\/docs.openflex.cloud\/fr\/wp-json\/wp\/v2\/posts"}],"about":[{"href":"https:\/\/docs.openflex.cloud\/fr\/wp-json\/wp\/v2\/types\/post"}],"author":[{"embeddable":true,"href":"https:\/\/docs.openflex.cloud\/fr\/wp-json\/wp\/v2\/users\/5"}],"replies":[{"embeddable":true,"href":"https:\/\/docs.openflex.cloud\/fr\/wp-json\/wp\/v2\/comments?post=660"}],"version-history":[{"count":10,"href":"https:\/\/docs.openflex.cloud\/fr\/wp-json\/wp\/v2\/posts\/660\/revisions"}],"predecessor-version":[{"id":1984,"href":"https:\/\/docs.openflex.cloud\/fr\/wp-json\/wp\/v2\/posts\/660\/revisions\/1984"}],"wp:featuredmedia":[{"embeddable":true,"href":"https:\/\/docs.openflex.cloud\/fr\/wp-json\/wp\/v2\/media\/940"}],"wp:attachment":[{"href":"https:\/\/docs.openflex.cloud\/fr\/wp-json\/wp\/v2\/media?parent=660"}],"wp:term":[{"taxonomy":"category","embeddable":true,"href":"https:\/\/docs.openflex.cloud\/fr\/wp-json\/wp\/v2\/categories?post=660"},{"taxonomy":"post_tag","embeddable":true,"href":"https:\/\/docs.openflex.cloud\/fr\/wp-json\/wp\/v2\/tags?post=660"}],"curies":[{"name":"wp","href":"https:\/\/api.w.org\/{rel}","templated":true}]}}