{"id":751,"date":"2021-06-23T15:48:28","date_gmt":"2021-06-23T13:48:28","guid":{"rendered":"https:\/\/docs.openflex.cloud\/fr\/?p=751"},"modified":"2021-07-19T12:18:50","modified_gmt":"2021-07-19T10:18:50","slug":"creation-utilisateur","status":"publish","type":"post","link":"https:\/\/docs.openflex.cloud\/fr\/creation-utilisateur\/","title":{"rendered":"Cr\u00e9ation d\u2019un utilisateur dans le logiciel de gestion Openflex [Tuto vid\u00e9o]"},"content":{"rendered":"\n<p>Bonjour \u00e0 tous et bienvenue dans cet autre tuto Openflex qui vous apprendra \u00e0 manipuler Openflex, le logiciel de gestion sur cloud sans abonnement.<\/p>\n\n\n\n<!--more-->\n\n\n\n<p>Apr\u00e8s avoir modifi\u00e9 la langue de votre interface, vous devez maintenant <strong>cr\u00e9er les comptes utilisateur de chaque personne amen\u00e9e \u00e0 utiliser le logiciel<\/strong>. Je vais vous montrer comment cr\u00e9er un utilisateur dans <a href=\"https:\/\/openflex.cloud\/fr\/\" target=\"_blank\" rel=\"noopener\">Openflex<\/a>. Let\u2019s go&nbsp;!<\/p>\n\n\n\n<h2 class=\"wp-block-heading\">Premi\u00e8re \u00e9tape&nbsp;: remplir les informations pour la cr\u00e9ation d\u2019un utilisateur<\/h2>\n\n\n\n<p>Tout d\u2019abord, vous allez dans \u00ab&nbsp;<strong>accueil<\/strong>&nbsp;\u00bb, puis \u00ab&nbsp;<strong>utilisateurs&amp;groupes<\/strong>&nbsp;\u00bb, et ensuite \u00ab&nbsp;<strong>nouvel utilisateur<\/strong>&nbsp;\u00bb. Je tiens \u00e0 vous rappeler que les champs en gras sont des informations obligatoires que vous devez remplir.<\/p>\n\n\n\n<div class=\"wp-block-image\"><figure class=\"aligncenter size-large is-resized\"><img loading=\"lazy\" decoding=\"async\" src=\"https:\/\/docs.openflex.cloud\/fr\/wp-content\/uploads\/2021\/06\/aller-accueil-1_openflex-1024x576.jpg\" alt=\"Cr\u00e9ation d\u2019un utilisateur  accueil openflex\" class=\"wp-image-752\" width=\"797\" height=\"507\"\/><figcaption><em>Aller dans Accueil<\/em><\/figcaption><\/figure><\/div>\n\n\n\n<figure class=\"wp-block-image size-large\"><img loading=\"lazy\" decoding=\"async\" width=\"1024\" height=\"576\" src=\"https:\/\/docs.openflex.cloud\/fr\/wp-content\/uploads\/2021\/06\/utilisateur-groupe_openflex-1024x576.jpg\" alt=\"Cr\u00e9ation d\u2019un utilisateur  utilisateurs &amp; groupes openflex\" class=\"wp-image-753\" srcset=\"https:\/\/docs.openflex.cloud\/fr\/wp-content\/uploads\/2021\/06\/utilisateur-groupe_openflex-1024x576.jpg 1024w, https:\/\/docs.openflex.cloud\/fr\/wp-content\/uploads\/2021\/06\/utilisateur-groupe_openflex-300x169.jpg 300w, https:\/\/docs.openflex.cloud\/fr\/wp-content\/uploads\/2021\/06\/utilisateur-groupe_openflex-768x432.jpg 768w, https:\/\/docs.openflex.cloud\/fr\/wp-content\/uploads\/2021\/06\/utilisateur-groupe_openflex.jpg 1366w\" sizes=\"auto, (max-width: 1024px) 100vw, 1024px\" \/><figcaption><em>Puis dans Utilisateurs&amp;Groupes<\/em><\/figcaption><\/figure>\n\n\n\n<figure class=\"wp-block-image size-large\"><img loading=\"lazy\" decoding=\"async\" width=\"1024\" height=\"576\" src=\"https:\/\/docs.openflex.cloud\/fr\/wp-content\/uploads\/2021\/06\/nouvel-utilisateur_openflex-1024x576.jpg\" alt=\"Cr\u00e9ation d\u2019un utilisateur  nouvel utilisateur openflex\" class=\"wp-image-754\" srcset=\"https:\/\/docs.openflex.cloud\/fr\/wp-content\/uploads\/2021\/06\/nouvel-utilisateur_openflex-1024x576.jpg 1024w, https:\/\/docs.openflex.cloud\/fr\/wp-content\/uploads\/2021\/06\/nouvel-utilisateur_openflex-300x169.jpg 300w, https:\/\/docs.openflex.cloud\/fr\/wp-content\/uploads\/2021\/06\/nouvel-utilisateur_openflex-768x432.jpg 768w, https:\/\/docs.openflex.cloud\/fr\/wp-content\/uploads\/2021\/06\/nouvel-utilisateur_openflex.jpg 1366w\" sizes=\"auto, (max-width: 1024px) 100vw, 1024px\" \/><figcaption><em>Aller dans nouvel utilisateur<\/em><\/figcaption><\/figure>\n\n\n\n<p>Rentrez alors les informations comme le nom de l\u2019utilisateur, son pr\u00e9nom, puis renseignez sa fonction, son genre (homme ou d\u2019une femme) et d\u00e9signez s\u2019il s\u2019agit d\u2019un salari\u00e9 ou non. Et enfin, saisissez l\u2019identifiant qu\u2019il va utiliser pour se connecter \u00e0 Openflex.<\/p>\n\n\n\n<figure class=\"wp-block-image size-large\"><img loading=\"lazy\" decoding=\"async\" width=\"1024\" height=\"576\" src=\"https:\/\/docs.openflex.cloud\/fr\/wp-content\/uploads\/2021\/06\/informer-nom_openflex-1024x576.jpg\" alt=\"Cr\u00e9ation d\u2019un utilisateur  nom openflex\" class=\"wp-image-755\" srcset=\"https:\/\/docs.openflex.cloud\/fr\/wp-content\/uploads\/2021\/06\/informer-nom_openflex-1024x576.jpg 1024w, https:\/\/docs.openflex.cloud\/fr\/wp-content\/uploads\/2021\/06\/informer-nom_openflex-300x169.jpg 300w, https:\/\/docs.openflex.cloud\/fr\/wp-content\/uploads\/2021\/06\/informer-nom_openflex-768x432.jpg 768w, https:\/\/docs.openflex.cloud\/fr\/wp-content\/uploads\/2021\/06\/informer-nom_openflex.jpg 1366w\" sizes=\"auto, (max-width: 1024px) 100vw, 1024px\" \/><figcaption><em>Informer le nom<\/em><\/figcaption><\/figure>\n\n\n\n<figure class=\"wp-block-image size-large\"><img loading=\"lazy\" decoding=\"async\" width=\"1024\" height=\"576\" src=\"https:\/\/docs.openflex.cloud\/fr\/wp-content\/uploads\/2021\/06\/prenom_openflex-1024x576.jpg\" alt=\"Cr\u00e9ation d\u2019un utilisateur  pr\u00e9nom openflex\" class=\"wp-image-756\" srcset=\"https:\/\/docs.openflex.cloud\/fr\/wp-content\/uploads\/2021\/06\/prenom_openflex-1024x576.jpg 1024w, https:\/\/docs.openflex.cloud\/fr\/wp-content\/uploads\/2021\/06\/prenom_openflex-300x169.jpg 300w, https:\/\/docs.openflex.cloud\/fr\/wp-content\/uploads\/2021\/06\/prenom_openflex-768x432.jpg 768w, https:\/\/docs.openflex.cloud\/fr\/wp-content\/uploads\/2021\/06\/prenom_openflex.jpg 1366w\" sizes=\"auto, (max-width: 1024px) 100vw, 1024px\" \/><figcaption><em>Le pr\u00e9nom<\/em><\/figcaption><\/figure>\n\n\n\n<figure class=\"wp-block-image size-large\"><img loading=\"lazy\" decoding=\"async\" width=\"1024\" height=\"576\" src=\"https:\/\/docs.openflex.cloud\/fr\/wp-content\/uploads\/2021\/06\/informer-fonction_openflex-1024x576.jpg\" alt=\"Cr\u00e9ation d\u2019un utilisateur  fonction openflex\" class=\"wp-image-757\" srcset=\"https:\/\/docs.openflex.cloud\/fr\/wp-content\/uploads\/2021\/06\/informer-fonction_openflex-1024x576.jpg 1024w, https:\/\/docs.openflex.cloud\/fr\/wp-content\/uploads\/2021\/06\/informer-fonction_openflex-300x169.jpg 300w, https:\/\/docs.openflex.cloud\/fr\/wp-content\/uploads\/2021\/06\/informer-fonction_openflex-768x432.jpg 768w, https:\/\/docs.openflex.cloud\/fr\/wp-content\/uploads\/2021\/06\/informer-fonction_openflex.jpg 1366w\" sizes=\"auto, (max-width: 1024px) 100vw, 1024px\" \/><figcaption><em>La fonction<\/em><\/figcaption><\/figure>\n\n\n\n<figure class=\"wp-block-image size-large\"><img loading=\"lazy\" decoding=\"async\" width=\"1024\" height=\"576\" src=\"https:\/\/docs.openflex.cloud\/fr\/wp-content\/uploads\/2021\/06\/selectionner-genre_openflex-1024x576.jpg\" alt=\"Cr\u00e9ation d\u2019un utilisateur  genre openflex\" class=\"wp-image-758\" srcset=\"https:\/\/docs.openflex.cloud\/fr\/wp-content\/uploads\/2021\/06\/selectionner-genre_openflex-1024x576.jpg 1024w, https:\/\/docs.openflex.cloud\/fr\/wp-content\/uploads\/2021\/06\/selectionner-genre_openflex-300x169.jpg 300w, https:\/\/docs.openflex.cloud\/fr\/wp-content\/uploads\/2021\/06\/selectionner-genre_openflex-768x432.jpg 768w, https:\/\/docs.openflex.cloud\/fr\/wp-content\/uploads\/2021\/06\/selectionner-genre_openflex.jpg 1366w\" sizes=\"auto, (max-width: 1024px) 100vw, 1024px\" \/><figcaption><em>Renseigner le genre de la personne<\/em><\/figcaption><\/figure>\n\n\n\n<figure class=\"wp-block-image size-large\"><img loading=\"lazy\" decoding=\"async\" width=\"1024\" height=\"576\" src=\"https:\/\/docs.openflex.cloud\/fr\/wp-content\/uploads\/2021\/06\/salarie-ou-pas_openflex-1024x576.jpg\" alt=\"Cr\u00e9ation d\u2019un utilisateur  salari\u00e9 ou non openflex\" class=\"wp-image-759\" srcset=\"https:\/\/docs.openflex.cloud\/fr\/wp-content\/uploads\/2021\/06\/salarie-ou-pas_openflex-1024x576.jpg 1024w, https:\/\/docs.openflex.cloud\/fr\/wp-content\/uploads\/2021\/06\/salarie-ou-pas_openflex-300x169.jpg 300w, https:\/\/docs.openflex.cloud\/fr\/wp-content\/uploads\/2021\/06\/salarie-ou-pas_openflex-768x432.jpg 768w, https:\/\/docs.openflex.cloud\/fr\/wp-content\/uploads\/2021\/06\/salarie-ou-pas_openflex.jpg 1366w\" sizes=\"auto, (max-width: 1024px) 100vw, 1024px\" \/><figcaption><em>Indiquer si elle est salari\u00e9e ou non<\/em><\/figcaption><\/figure>\n\n\n\n<figure class=\"wp-block-image size-large\"><img loading=\"lazy\" decoding=\"async\" width=\"1024\" height=\"579\" src=\"https:\/\/docs.openflex.cloud\/fr\/wp-content\/uploads\/2021\/06\/identifiant_openflex-1024x579.jpg\" alt=\"Cr\u00e9ation d\u2019un utilisateur  identifiant openflex\" class=\"wp-image-760\" srcset=\"https:\/\/docs.openflex.cloud\/fr\/wp-content\/uploads\/2021\/06\/identifiant_openflex-1024x579.jpg 1024w, https:\/\/docs.openflex.cloud\/fr\/wp-content\/uploads\/2021\/06\/identifiant_openflex-300x170.jpg 300w, https:\/\/docs.openflex.cloud\/fr\/wp-content\/uploads\/2021\/06\/identifiant_openflex-768x434.jpg 768w, https:\/\/docs.openflex.cloud\/fr\/wp-content\/uploads\/2021\/06\/identifiant_openflex.jpg 1363w\" sizes=\"auto, (max-width: 1024px) 100vw, 1024px\" \/><figcaption><em>Saisir l\u2019identifiant<\/em><\/figcaption><\/figure>\n\n\n\n<h2 class=\"wp-block-heading\">Deuxi\u00e8me \u00e9tape&nbsp;: modifier le mot de passe   d\u2019un utilisateur<\/h2>\n\n\n\n<p>Remarquez que <strong>le mot de passe est automatiquement g\u00e9n\u00e9r\u00e9 et pr\u00e9rempli<\/strong>, mais vous pouvez encore le modifier. Pour cela, il suffit de supprimer celui qui a \u00e9t\u00e9 g\u00e9n\u00e9r\u00e9 automatiquement et d\u2019entrer le nouveau mot de passe dans le champ devenu ainsi libre.<\/p>\n\n\n\n<div class=\"wp-block-image\"><figure class=\"aligncenter is-resized\"><a href=\"https:\/\/stileex.xyz\/wp-content\/uploads\/2018\/12\/entrer-mot-de-passe.png.webp\" target=\"_blank\" rel=\"noopener\"><img loading=\"lazy\" decoding=\"async\" src=\"https:\/\/stileex.xyz\/wp-content\/uploads\/2018\/12\/entrer-mot-de-passe-640x360.png.webp\" alt=\"Cr\u00e9ation d\u2019un utilisateur mot de passe openflex\" class=\"wp-image-9715\" width=\"849\" height=\"474\"\/><\/a><figcaption><em>Entrer le nouveau mot de passe en supprimant celui g\u00e9n\u00e9r\u00e9 par d\u00e9faut<\/em><\/figcaption><\/figure><\/div>\n\n\n\n<h2 class=\"wp-block-heading\">Troisi\u00e8me \u00e9tape&nbsp;: d\u00e9finir l\u2019utilisateur comme administrateur ou non<\/h2>\n\n\n\n<p>Apr\u00e8s avoir renseign\u00e9 les informations de l\u2019utilisateur, \u00e0 vous de voir s\u2019il faut <strong>le d\u00e9finir comme administrateur ou non<\/strong>. \u00c9videmment, si vous en faites un administrateur, <strong>il aura acc\u00e8s \u00e0 toutes les configurations<\/strong>, \u00e0 l\u2019<strong>outil d\u2019administration<\/strong> et \u00e0 <strong>toutes les informations<\/strong> dans \u00ab&nbsp;<strong>Utilisateurs&amp;groupes<\/strong>&nbsp;\u00bb. Bref, il aura acc\u00e8s \u00e0 toutes les donn\u00e9es dans votre logiciel comme vos <a href=\"https:\/\/docs.openflex.cloud\/fr\/tag\/module-achat-stock\/\" data-type=\"URL\" data-id=\"https:\/\/docs.openflex.cloud\/fr\/tag\/module-achat-stock\/\">stocks<\/a>, vos <a href=\"https:\/\/docs.openflex.cloud\/fr\/tag\/module-crm\" data-type=\"URL\" data-id=\"https:\/\/docs.openflex.cloud\/fr\/tag\/module-crm\">factures<\/a> et bien d\u2019autres informations.<\/p>\n\n\n\n<div class=\"wp-block-image\"><figure class=\"aligncenter is-resized\"><a href=\"https:\/\/stileex.xyz\/wp-content\/uploads\/2018\/12\/admin-ou-pas.png.webp\" target=\"_blank\" rel=\"noopener\"><img loading=\"lazy\" decoding=\"async\" src=\"https:\/\/stileex.xyz\/wp-content\/uploads\/2018\/12\/admin-ou-pas-640x360.png.webp\" alt=\"Cr\u00e9ation d\u2019un utilisateur  type d'utilisateur openflex\" class=\"wp-image-9716\" width=\"833\" height=\"466\"\/><\/a><figcaption><em>D\u00e9finir l\u2019utilisateur en tant qu\u2019administrateur ou non<\/em><\/figcaption><\/figure><\/div>\n\n\n\n<p>Vous pouvez maintenant renseigner les autres informations demand\u00e9es, mais <strong>surtout n\u2019oubliez pas de saisir l\u2019adresse e-mail<\/strong>. Pour terminer, cliquez sur \u00ab&nbsp;<strong>cr\u00e9er l\u2019utilisateur<\/strong>&nbsp;\u00bb pour enregistrer ce nouvel utilisateur dans votre ERP.<\/p>\n\n\n\n<figure class=\"wp-block-image\"><img decoding=\"async\" src=\"https:\/\/stileex.xyz\/wp-content\/uploads\/2018\/12\/saisir-adresse-mail.png.webp\" alt=\"Cr\u00e9ation d\u2019un utilisateur  Saisir l'adresse mail openflex\" class=\"wp-image-9717\"\/><figcaption><em>Saisir l&rsquo;adresse mail<\/em><\/figcaption><\/figure>\n\n\n\n<p>Si vous avez plusieurs utilisateurs, il ne vous reste plus qu\u2019\u00e0 r\u00e9p\u00e9ter l\u2019op\u00e9ration autant de fois que n\u00e9cessaire.<\/p>\n\n\n\n<p>Maintenant, \u00e0 vous de cr\u00e9er votre utilisateur&nbsp;!<\/p>\n\n\n\n<p>D\u00e9couvrez \u00e9galement nos autres tutos Openflex&nbsp;:<\/p>\n\n\n\n<ul class=\"wp-block-list\"><li><a href=\"https:\/\/docs.openflex.cloud\/fr\/modifier-langue-interface\/\" data-type=\"URL\" data-id=\"https:\/\/docs.openflex.cloud\/fr\/modifier-langue-interface\/\">modification de la langue sur l\u2019interface<\/a><\/li><li><a href=\"https:\/\/docs.openflex.cloud\/fr\/gestion-immobilisations\/\" data-type=\"URL\" data-id=\"https:\/\/docs.openflex.cloud\/fr\/gestion-immobilisations\/\">gestion d\u2019immobilisations<\/a><\/li><li><a href=\"https:\/\/docs.openflex.cloud\/fr\/attribution-droits-acces-utilisateur\/\" data-type=\"URL\" data-id=\"https:\/\/docs.openflex.cloud\/fr\/attribution-droits-acces-utilisateur\/\">attribution des droits d\u2019acc\u00e8s<\/a><\/li><li><a href=\"https:\/\/docs.openflex.cloud\/fr\/configuration-informations\/\" data-type=\"URL\" data-id=\"https:\/\/docs.openflex.cloud\/fr\/configuration-informations\/\">configuration des informations<\/a><\/li><li><a href=\"https:\/\/docs.openflex.cloud\/fr\/modification-mot-passe\/\" data-type=\"URL\" data-id=\"https:\/\/docs.openflex.cloud\/fr\/modification-mot-passe\/\">modification de mot de passe<\/a><\/li><li><a href=\"https:\/\/docs.openflex.cloud\/fr\/creation-ressource\/\" data-type=\"URL\" data-id=\"https:\/\/docs.openflex.cloud\/fr\/creation-ressource\/\">cr\u00e9ation de ressources<\/a><\/li><li><a href=\"https:\/\/docs.openflex.cloud\/fr\/creation-marque-page\/\" data-type=\"URL\" data-id=\"https:\/\/docs.openflex.cloud\/fr\/creation-marque-page\/\">cr\u00e9ation d\u2019un marque-page<\/a><\/li><\/ul>\n","protected":false},"excerpt":{"rendered":"<p>Bonjour \u00e0 tous et bienvenue dans cet autre tuto Openflex qui vous apprendra \u00e0 manipuler Openflex, le logiciel de gestion sur cloud sans abonnement.<\/p>\n","protected":false},"author":5,"featured_media":754,"comment_status":"open","ping_status":"open","sticky":false,"template":"","format":"standard","meta":{"footnotes":""},"categories":[2],"tags":[4,5,20,15,3],"class_list":["post-751","post","type-post","status-publish","format-standard","has-post-thumbnail","hentry","category-installation","tag-module-achat-stock","tag-module-crm","tag-module-grh","tag-module-point-vente","tag-video"],"_links":{"self":[{"href":"https:\/\/docs.openflex.cloud\/fr\/wp-json\/wp\/v2\/posts\/751","targetHints":{"allow":["GET"]}}],"collection":[{"href":"https:\/\/docs.openflex.cloud\/fr\/wp-json\/wp\/v2\/posts"}],"about":[{"href":"https:\/\/docs.openflex.cloud\/fr\/wp-json\/wp\/v2\/types\/post"}],"author":[{"embeddable":true,"href":"https:\/\/docs.openflex.cloud\/fr\/wp-json\/wp\/v2\/users\/5"}],"replies":[{"embeddable":true,"href":"https:\/\/docs.openflex.cloud\/fr\/wp-json\/wp\/v2\/comments?post=751"}],"version-history":[{"count":10,"href":"https:\/\/docs.openflex.cloud\/fr\/wp-json\/wp\/v2\/posts\/751\/revisions"}],"predecessor-version":[{"id":2079,"href":"https:\/\/docs.openflex.cloud\/fr\/wp-json\/wp\/v2\/posts\/751\/revisions\/2079"}],"wp:featuredmedia":[{"embeddable":true,"href":"https:\/\/docs.openflex.cloud\/fr\/wp-json\/wp\/v2\/media\/754"}],"wp:attachment":[{"href":"https:\/\/docs.openflex.cloud\/fr\/wp-json\/wp\/v2\/media?parent=751"}],"wp:term":[{"taxonomy":"category","embeddable":true,"href":"https:\/\/docs.openflex.cloud\/fr\/wp-json\/wp\/v2\/categories?post=751"},{"taxonomy":"post_tag","embeddable":true,"href":"https:\/\/docs.openflex.cloud\/fr\/wp-json\/wp\/v2\/tags?post=751"}],"curies":[{"name":"wp","href":"https:\/\/api.w.org\/{rel}","templated":true}]}}